{"id":143086,"date":"2021-11-01T18:25:12","date_gmt":"2021-11-01T21:25:12","guid":{"rendered":"http:\/\/www.blogdotarugao.com.br\/v1\/?p=143086"},"modified":"2021-11-01T18:25:12","modified_gmt":"2021-11-01T21:25:12","slug":"governo-federal-proibe-demissao-por-justa-causa-de-pessoas-que-nao-se-vacinaram-contra-covid","status":"publish","type":"post","link":"https:\/\/www.blogdotarugao.com.br\/v1\/2021\/11\/01\/governo-federal-proibe-demissao-por-justa-causa-de-pessoas-que-nao-se-vacinaram-contra-covid\/","title":{"rendered":"GOVERNO FEDERAL PROIBE DEMISS\u00c3O POR JUSTA CAUSA DE PESSOAS QUE N\u00c3O SE VACINARAM CONTRA COVID"},"content":{"rendered":"<h3><img loading=\"lazy\" class=\"alignleft\" src=\"https:\/\/api.metro1.com.br\/noticias\/114529,governo-federal-proibe-demissao-por-justa-causa-de-pessoas-que-nao-se-vacinaram-contra-covid-3.jpg\" alt=\"Governo federal pro\u00edbe demiss\u00e3o por justa causa de pessoas que n\u00e3o se vacinaram contra Covid\" width=\"580\" height=\"273\" \/><\/h3>\n<h3>O Minist\u00e9rio do Trabalho publicou nesta segunda-feira (1\u00ba) uma portaria para proibir a demiss\u00e3o por justa causa de pessoas que n\u00e3o foram vacinadas contra a Covid-19.\u00a0\u00a0A posi\u00e7\u00e3o\u00a0\u00e9 oposta ao entendimento do Tribunal Superior do Trabalho (TST), que permite essa pr\u00e1tica desde julho.<\/h3>\n<h3>Assinada pelo ministro Onyx Lorenzoni, a portaria estabelece como &#8220;pr\u00e1tica discriminat\u00f3ria a obrigatoriedade de certificado de vacina\u00e7\u00e3o em processos seletivos de admiss\u00e3o de trabalhadores, assim como a demiss\u00e3o por justa causa de empregado em raz\u00e3o da n\u00e3o apresenta\u00e7\u00e3o de certificado de vacina\u00e7\u00e3o&#8221;.<\/h3>\n<h3>&#8220;Ao empregador \u00e9 proibido, na contrata\u00e7\u00e3o ou na manuten\u00e7\u00e3o do emprego do trabalhador, exigir quaisquer documentos discriminat\u00f3rios ou obstativos para a contrata\u00e7\u00e3o, especialmente comprovante de vacina\u00e7\u00e3o&#8221;, diz o documento publicado no Di\u00e1rio Oficial.<\/h3>\n<p><span style=\"color: #0000ff;\">RK<\/span><\/p>\n","protected":false},"excerpt":{"rendered":"<p>O Minist\u00e9rio do Trabalho publicou nesta segunda-feira (1\u00ba) uma portaria para proibir a demiss\u00e3o por justa causa de pessoas que n\u00e3o foram vacinadas contra a Covid-19.\u00a0\u00a0A posi\u00e7\u00e3o\u00a0\u00e9 oposta ao entendimento do Tribunal Superior do Trabalho (TST), que permite essa pr\u00e1tica desde julho. Assinada pelo ministro Onyx Lorenzoni, a portaria estabelece como &#8220;pr\u00e1tica discriminat\u00f3ria a obrigatoriedade [&hellip;]<\/p>\n","protected":false},"author":2,"featured_media":0,"comment_status":"open","ping_status":"open","sticky":false,"template":"","format":"standard","meta":{"_links_to":"","_links_to_target":""},"categories":[1],"tags":[],"_links":{"self":[{"href":"https:\/\/www.blogdotarugao.com.br\/v1\/wp-json\/wp\/v2\/posts\/143086"}],"collection":[{"href":"https:\/\/www.blogdotarugao.com.br\/v1\/wp-json\/wp\/v2\/posts"}],"about":[{"href":"https:\/\/www.blogdotarugao.com.br\/v1\/wp-json\/wp\/v2\/types\/post"}],"author":[{"embeddable":true,"href":"https:\/\/www.blogdotarugao.com.br\/v1\/wp-json\/wp\/v2\/users\/2"}],"replies":[{"embeddable":true,"href":"https:\/\/www.blogdotarugao.com.br\/v1\/wp-json\/wp\/v2\/comments?post=143086"}],"version-history":[{"count":1,"href":"https:\/\/www.blogdotarugao.com.br\/v1\/wp-json\/wp\/v2\/posts\/143086\/revisions"}],"predecessor-version":[{"id":143087,"href":"https:\/\/www.blogdotarugao.com.br\/v1\/wp-json\/wp\/v2\/posts\/143086\/revisions\/143087"}],"wp:attachment":[{"href":"https:\/\/www.blogdotarugao.com.br\/v1\/wp-json\/wp\/v2\/media?parent=143086"}],"wp:term":[{"taxonomy":"category","embeddable":true,"href":"https:\/\/www.blogdotarugao.com.br\/v1\/wp-json\/wp\/v2\/categories?post=143086"},{"taxonomy":"post_tag","embeddable":true,"href":"https:\/\/www.blogdotarugao.com.br\/v1\/wp-json\/wp\/v2\/tags?post=143086"}],"curies":[{"name":"wp","href":"https:\/\/api.w.org\/{rel}","templated":true}]}}