{"id":143126,"date":"2021-11-03T21:09:52","date_gmt":"2021-11-04T00:09:52","guid":{"rendered":"http:\/\/www.blogdotarugao.com.br\/v1\/?p=143126"},"modified":"2021-11-03T21:09:52","modified_gmt":"2021-11-04T00:09:52","slug":"rui-costa-pede-cautela-antes-de-confirmar-realizacao-do-carnaval-perigo-continua","status":"publish","type":"post","link":"https:\/\/www.blogdotarugao.com.br\/v1\/2021\/11\/03\/rui-costa-pede-cautela-antes-de-confirmar-realizacao-do-carnaval-perigo-continua\/","title":{"rendered":"RUI COSTA PEDE CAUTELA ANTES DE CONFIRMAR REALIZA\u00c7\u00c3O DO CARNAVAL: &#8220;PERIGO CONTINUA&#8221;"},"content":{"rendered":"<p><img loading=\"lazy\" class=\"alignleft\" src=\"https:\/\/www.bahianoticias.com.br\/fotos\/holofote_noticias\/63122\/IMAGEM_NOTICIA_5.jpg?checksum=1635965923\" alt=\"Rui Costa pede cautela antes de confirmar realiza\u00e7\u00e3o do Carnaval: 'Perigo continua'\" width=\"581\" height=\"428\" \/><\/p>\n<p><strong>Apesar das prepara\u00e7\u00f5es para o Carnaval\u00a0estarem a todo vapor &#8211; principais blocos de Salvador j\u00e1 anunciaram vendas de blocos para 2022 &#8211;\u00a0o governador Rui Costa afirmou por meio do perfil no Twitter, nesta quarta-feira (3), que \u00e9 necess\u00e1rio ter cautela antes de confirmar a realiza\u00e7\u00e3o da festa momesca.<br \/>\n&#8220;\u00c9 evidente que eu gostaria de anunciar que teremos Carnaval, mas n\u00e3o posso fazer isso se, em 45 dias, os n\u00fameros n\u00e3o caem! Precisamos de cautela e paci\u00eancia. Sei que estamos cansados, mas n\u00e3o anunciarei medidas que possam fazer a Bahia entrar em um novo surto de coronav\u00edrus&#8221;, iniciou o gestor.<br \/>\nO petista ainda ressaltou que o n\u00famero de casos da Covid-19 n\u00e3o tem redu\u00e7\u00e3o h\u00e1 mais de um m\u00eas. &#8220;Me preocupa muito o relaxamento na preven\u00e7\u00e3o \u00e0 Covid-19. O n\u00famero de contaminados e pessoas internadas n\u00e3o cai na Bahia h\u00e1 mais de 45 dias, ou seja, o coronav\u00edrus continua circulando entre os baianos. A Europa enfrenta um novo surto em alguns pa\u00edses. O perigo continua&#8221;.\u00a0<\/strong><\/p>\n<p><strong>O governador tamb\u00e9m comentou a suspens\u00e3o do uso obrigat\u00f3rio da m\u00e1scara ao ar livre em Porto Seguro. &#8220;Mais uma vez, eu entendo o cansa\u00e7o de todos, mas a medida que alguns gestores tomaram de suspender o uso de m\u00e1scaras \u00e9 precipitada e s\u00f3 aumenta o n\u00famero de contamina\u00e7\u00f5es. Enquanto os n\u00fameros continuarem se comportando desta forma, as medidas de preven\u00e7\u00e3o tamb\u00e9m permanecer\u00e3o&#8221;.<\/strong><\/p>\n<p><span style=\"color: #0000ff;\"><strong>RK\u00a0<\/strong><\/span><\/p>\n","protected":false},"excerpt":{"rendered":"<p>Apesar das prepara\u00e7\u00f5es para o Carnaval\u00a0estarem a todo vapor &#8211; principais blocos de Salvador j\u00e1 anunciaram vendas de blocos para 2022 &#8211;\u00a0o governador Rui Costa afirmou por meio do perfil no Twitter, nesta quarta-feira (3), que \u00e9 necess\u00e1rio ter cautela antes de confirmar a realiza\u00e7\u00e3o da festa momesca. &#8220;\u00c9 evidente que eu gostaria de anunciar [&hellip;]<\/p>\n","protected":false},"author":2,"featured_media":0,"comment_status":"open","ping_status":"open","sticky":false,"template":"","format":"standard","meta":{"_links_to":"","_links_to_target":""},"categories":[1],"tags":[],"_links":{"self":[{"href":"https:\/\/www.blogdotarugao.com.br\/v1\/wp-json\/wp\/v2\/posts\/143126"}],"collection":[{"href":"https:\/\/www.blogdotarugao.com.br\/v1\/wp-json\/wp\/v2\/posts"}],"about":[{"href":"https:\/\/www.blogdotarugao.com.br\/v1\/wp-json\/wp\/v2\/types\/post"}],"author":[{"embeddable":true,"href":"https:\/\/www.blogdotarugao.com.br\/v1\/wp-json\/wp\/v2\/users\/2"}],"replies":[{"embeddable":true,"href":"https:\/\/www.blogdotarugao.com.br\/v1\/wp-json\/wp\/v2\/comments?post=143126"}],"version-history":[{"count":1,"href":"https:\/\/www.blogdotarugao.com.br\/v1\/wp-json\/wp\/v2\/posts\/143126\/revisions"}],"predecessor-version":[{"id":143127,"href":"https:\/\/www.blogdotarugao.com.br\/v1\/wp-json\/wp\/v2\/posts\/143126\/revisions\/143127"}],"wp:attachment":[{"href":"https:\/\/www.blogdotarugao.com.br\/v1\/wp-json\/wp\/v2\/media?parent=143126"}],"wp:term":[{"taxonomy":"category","embeddable":true,"href":"https:\/\/www.blogdotarugao.com.br\/v1\/wp-json\/wp\/v2\/categories?post=143126"},{"taxonomy":"post_tag","embeddable":true,"href":"https:\/\/www.blogdotarugao.com.br\/v1\/wp-json\/wp\/v2\/tags?post=143126"}],"curies":[{"name":"wp","href":"https:\/\/api.w.org\/{rel}","templated":true}]}}