{"id":143139,"date":"2021-11-04T08:49:02","date_gmt":"2021-11-04T11:49:02","guid":{"rendered":"https:\/\/www.blogdotarugao.com.br\/v1\/?p=143139"},"modified":"2021-11-04T08:49:02","modified_gmt":"2021-11-04T11:49:02","slug":"o-brasil-e-o-pais-masi-atingido-por-raios-no-mundo-e-frequencia-vai-aumentar","status":"publish","type":"post","link":"https:\/\/www.blogdotarugao.com.br\/v1\/2021\/11\/04\/o-brasil-e-o-pais-masi-atingido-por-raios-no-mundo-e-frequencia-vai-aumentar\/","title":{"rendered":"O BRASIL \u00c9 O PA\u00cdS MASI ATINGIDO POR RAIOS NO MUNDO E FREQU\u00caNCIA VAI AUMENTAR"},"content":{"rendered":"<h3><img loading=\"lazy\" class=\"wp-image-143140 alignleft\" src=\"http:\/\/www.blogdotarugao.com.br\/v1\/wp-content\/uploads\/2021\/11\/A1-1.jpg\" alt=\"\" width=\"584\" height=\"408\" \/>Com 70 milh\u00f5es de raios por ano, o Brasil \u00e9 o lugar do mundo mais atingido por esses fen\u00f4menos na Terra. Um rec\u00e9m-lan\u00e7ado livro de cientistas do Grupo de Eletricidade Atmosf\u00e9rica do Instituto Nacional de Pesquisas Espaciais (Elat\/Inpe), alerta que, com as mudan\u00e7as clim\u00e1ticas, esse n\u00famero subir\u00e1 para uma m\u00e9dia de mais de 100 milh\u00f5es de raios por ano at\u00e9 o fim do s\u00e9culo. As informa\u00e7\u00f5es s\u00e3o do O Globo.<\/h3>\n<h3>O maior aumento, cerca de 50%, ocorrer\u00e1 na Amaz\u00f4nia, com implica\u00e7\u00f5es para o equil\u00edbrio da floresta, as telecomunica\u00e7\u00f5es e as redes de energia. A regi\u00e3o j\u00e1 \u00e9 o lugar com o maior n\u00famero de descargas el\u00e9tricas do pa\u00eds pela combina\u00e7\u00e3o de tamanho com tempestades frequentes.<\/h3>\n<h3>Est\u00e3o na Amaz\u00f4nia os munic\u00edpios com maior frequ\u00eancia de raios, assim como a \u00e1rea do pa\u00eds mais castigada por eles. No Sul e no Sudeste ocorrem raios por cerca de cinco meses por ano.<\/h3>\n<h3>A for\u00e7a dos raios no pa\u00eds est\u00e1 registrada nos recordes oficiais da Organiza\u00e7\u00e3o Meteorol\u00f3gica Mundial (OMM), que reconheceu como o raio mais longo do mundo o que cobriu uma dist\u00e2ncia horizontal de 709 quil\u00f4metros, no Rio Grande do Sul, em 31 de outubro de 2018.<\/h3>\n","protected":false},"excerpt":{"rendered":"<p>Com 70 milh\u00f5es de raios por ano, o Brasil \u00e9 o lugar do mundo mais atingido por esses fen\u00f4menos na Terra. Um rec\u00e9m-lan\u00e7ado livro de cientistas do Grupo de Eletricidade Atmosf\u00e9rica do Instituto Nacional de Pesquisas Espaciais (Elat\/Inpe), alerta que, com as mudan\u00e7as clim\u00e1ticas, esse n\u00famero subir\u00e1 para uma m\u00e9dia de mais de 100 milh\u00f5es [&hellip;]<\/p>\n","protected":false},"author":2,"featured_media":0,"comment_status":"open","ping_status":"open","sticky":false,"template":"","format":"standard","meta":{"_links_to":"","_links_to_target":""},"categories":[1],"tags":[],"_links":{"self":[{"href":"https:\/\/www.blogdotarugao.com.br\/v1\/wp-json\/wp\/v2\/posts\/143139"}],"collection":[{"href":"https:\/\/www.blogdotarugao.com.br\/v1\/wp-json\/wp\/v2\/posts"}],"about":[{"href":"https:\/\/www.blogdotarugao.com.br\/v1\/wp-json\/wp\/v2\/types\/post"}],"author":[{"embeddable":true,"href":"https:\/\/www.blogdotarugao.com.br\/v1\/wp-json\/wp\/v2\/users\/2"}],"replies":[{"embeddable":true,"href":"https:\/\/www.blogdotarugao.com.br\/v1\/wp-json\/wp\/v2\/comments?post=143139"}],"version-history":[{"count":1,"href":"https:\/\/www.blogdotarugao.com.br\/v1\/wp-json\/wp\/v2\/posts\/143139\/revisions"}],"predecessor-version":[{"id":143141,"href":"https:\/\/www.blogdotarugao.com.br\/v1\/wp-json\/wp\/v2\/posts\/143139\/revisions\/143141"}],"wp:attachment":[{"href":"https:\/\/www.blogdotarugao.com.br\/v1\/wp-json\/wp\/v2\/media?parent=143139"}],"wp:term":[{"taxonomy":"category","embeddable":true,"href":"https:\/\/www.blogdotarugao.com.br\/v1\/wp-json\/wp\/v2\/categories?post=143139"},{"taxonomy":"post_tag","embeddable":true,"href":"https:\/\/www.blogdotarugao.com.br\/v1\/wp-json\/wp\/v2\/tags?post=143139"}],"curies":[{"name":"wp","href":"https:\/\/api.w.org\/{rel}","templated":true}]}}