{"id":143154,"date":"2021-11-05T06:56:07","date_gmt":"2021-11-05T09:56:07","guid":{"rendered":"https:\/\/www.blogdotarugao.com.br\/v1\/?p=143154"},"modified":"2021-11-05T07:09:31","modified_gmt":"2021-11-05T10:09:31","slug":"143154","status":"publish","type":"post","link":"https:\/\/www.blogdotarugao.com.br\/v1\/2021\/11\/05\/143154\/","title":{"rendered":"EM CONQUISTA, RODRIGO CONFIRMA APOIO A ACM NETO, PEDRO TAVARES E ANT\u00d4NIO BRITO"},"content":{"rendered":"<p><img class=\"alignleft\" src=\"https:\/\/www.sudoestehoje.com.br\/novoportal\/wp-content\/uploads\/2021\/11\/titulo-2021-Conquista-49.jpg\" \/><\/p>\n<p>Em entrevista concedida ao Blog do Rodrigo Ferraz, momentos antes de receber o T\u00edtulo de Cidad\u00e3o Conquistense, o prefeito de Itapetinga, Rodrigo Hagge, falou sobre os rumos do MDB nas elei\u00e7\u00f5es de 2022 e revelou que a sigla tem autonomia em cada regi\u00e3o e munic\u00edpio.<\/p>\n<p>Independente da decis\u00e3o da executiva estadual, Rodrigo declarou que estar\u00e1 caminhando ao lado do ex-prefeito de Salvador, ACM Neto, pr\u00e9-candidato a Governador da Bahia.<\/p>\n<p><em>\u201cJ\u00e1 trabalhei com ele na Prefeitura de Salvador, um excelente gestor e \u00e9 o melhor nome para governar o Estado\u201d.<\/em><\/p>\n<p>Para a Assembleia Legislativa, Hagge reafirmou seu apoio ao deputado estadual Pedro Tavares. J\u00e1 para a C\u00e2mara Federal, o prefeito Rodrigo revelou, em primeira m\u00e3o, que vai apoiar a reelei\u00e7\u00e3o do deputado federal Ant\u00f4nio Brito.<\/p>\n<p><em>\u201cEle esteve na caminhada da minha reelei\u00e7\u00e3o, muito tem feito por Itapetinga e vou retribuir esse apoio\u201d<\/em>, finalizou.\u00a0<em>\/\/Blog do Rodrigo Ferraz<\/em><\/p>\n<p><span style=\"color: #0000ff;\">RK<\/span><\/p>\n","protected":false},"excerpt":{"rendered":"<p>Em entrevista concedida ao Blog do Rodrigo Ferraz, momentos antes de receber o T\u00edtulo de Cidad\u00e3o Conquistense, o prefeito de Itapetinga, Rodrigo Hagge, falou sobre os rumos do MDB nas elei\u00e7\u00f5es de 2022 e revelou que a sigla tem autonomia em cada regi\u00e3o e munic\u00edpio. Independente da decis\u00e3o da executiva estadual, Rodrigo declarou que estar\u00e1 [&hellip;]<\/p>\n","protected":false},"author":2,"featured_media":0,"comment_status":"open","ping_status":"open","sticky":false,"template":"","format":"standard","meta":{"_links_to":"","_links_to_target":""},"categories":[1],"tags":[],"_links":{"self":[{"href":"https:\/\/www.blogdotarugao.com.br\/v1\/wp-json\/wp\/v2\/posts\/143154"}],"collection":[{"href":"https:\/\/www.blogdotarugao.com.br\/v1\/wp-json\/wp\/v2\/posts"}],"about":[{"href":"https:\/\/www.blogdotarugao.com.br\/v1\/wp-json\/wp\/v2\/types\/post"}],"author":[{"embeddable":true,"href":"https:\/\/www.blogdotarugao.com.br\/v1\/wp-json\/wp\/v2\/users\/2"}],"replies":[{"embeddable":true,"href":"https:\/\/www.blogdotarugao.com.br\/v1\/wp-json\/wp\/v2\/comments?post=143154"}],"version-history":[{"count":2,"href":"https:\/\/www.blogdotarugao.com.br\/v1\/wp-json\/wp\/v2\/posts\/143154\/revisions"}],"predecessor-version":[{"id":143159,"href":"https:\/\/www.blogdotarugao.com.br\/v1\/wp-json\/wp\/v2\/posts\/143154\/revisions\/143159"}],"wp:attachment":[{"href":"https:\/\/www.blogdotarugao.com.br\/v1\/wp-json\/wp\/v2\/media?parent=143154"}],"wp:term":[{"taxonomy":"category","embeddable":true,"href":"https:\/\/www.blogdotarugao.com.br\/v1\/wp-json\/wp\/v2\/categories?post=143154"},{"taxonomy":"post_tag","embeddable":true,"href":"https:\/\/www.blogdotarugao.com.br\/v1\/wp-json\/wp\/v2\/tags?post=143154"}],"curies":[{"name":"wp","href":"https:\/\/api.w.org\/{rel}","templated":true}]}}