{"id":143166,"date":"2021-11-05T18:14:31","date_gmt":"2021-11-05T21:14:31","guid":{"rendered":"http:\/\/www.blogdotarugao.com.br\/v1\/?p=143166"},"modified":"2021-11-05T18:14:58","modified_gmt":"2021-11-05T21:14:58","slug":"marilia-mendonca-morre-apos-queda-de-aviao-em-minas-gerais","status":"publish","type":"post","link":"https:\/\/www.blogdotarugao.com.br\/v1\/2021\/11\/05\/marilia-mendonca-morre-apos-queda-de-aviao-em-minas-gerais\/","title":{"rendered":"MARILIA MENDON\u00c7A MORRE AP\u00d3S QUEDA DE AVI\u00c3O EM MINAS GERAIS"},"content":{"rendered":"<h3><img class=\"alignleft\" src=\"https:\/\/img.r7.com\/images\/marilia-mendonca-05112021172401604?dimensions=677x369&amp;&amp;amp;&amp;amp;&amp;amp;&amp;amp;&amp;amp;&amp;amp;&amp;amp;&amp;amp;&amp;amp;&amp;amp;&amp;amp;&amp;amp;&amp;amp;&amp;amp;&amp;amp;&amp;amp;&amp;amp;resize=677x369&amp;amp;crop=993x541+0+124&amp;amp;&amp;amp;&amp;amp;&amp;amp;&amp;amp;&amp;amp;&amp;amp;&amp;amp;&amp;amp;&amp;amp;&amp;amp;&amp;amp;&amp;amp;&amp;amp;&amp;amp;&amp;amp;&amp;amp;resize=677x369&amp;amp;crop=993x541+0+124\" alt=\"Mar\u00edlia Mendon\u00e7a tinha 26 anos e n\u00e3o resistiu aos ferimentos\" \/><\/h3>\n<h3>Mar\u00edlia Mendon\u00e7a, de 26 anos, morreu nesta sexta-feira (5) ap\u00f3s a\u00a0<strong><a href=\"https:\/\/entretenimento.r7.com\/musica\/aviao-com-marilia-mendonca-cai-em-minas-gerais-05112021\">queda de um avi\u00e3o<\/a>,\u00a0<\/strong>na Serra de Caratinga, em Minas Gerais. A cantora viajava a trabalho e faria shows pelo estado. A not\u00edcia da morte foi confirmada pela assessoria de imprensa da artista.<\/h3>\n<h3><img loading=\"lazy\" class=\"\" src=\"https:\/\/s2.glbimg.com\/Wi9hdEZi7K_SW-XFZt-t64yplT0=\/0x0:1200x675\/540x304\/smart\/filters:max_age(3600)\/https:\/\/s2.glbimg.com\/zNE8dnSZi4azsvKWllbY8VhtIl4=\/1200x\/smart\/filters:cover():strip_icc()\/s03.video.glbimg.com\/x720\/10014986.jpg\" width=\"581\" height=\"327\" \/><\/h3>\n<h3>&#8220;Com imenso pesar, confirmamos a morte da cantora Mar\u00edlia Mendon\u00e7a, seu produtor Henrique Ribeiro, seu tio e assessor Abicieli Silveira Dias Filho, do piloto e co-pilto do avi\u00e3o, os quais iremos preservar os nomes neste momento&#8221;, informou em nota.<\/h3>\n<h3><img loading=\"lazy\" class=\"\" src=\"https:\/\/s2.glbimg.com\/bOM9CUEMdLYgzoeIp8hRn0-x6CE=\/162x58:640x327\/540x304\/smart\/https:\/\/i.s3.glbimg.com\/v1\/AUTH_59edd422c0c84a879bd37670ae4f538a\/internal_photos\/bs\/2021\/E\/T\/TkVYDQRrSkPQmxBp3OkA\/globonewsaovivo.jpg\" alt=\"Foto: (Reprodu\u00e7\u00e3o)\" width=\"581\" height=\"327\" \/><\/h3>\n<h3>O avi\u00e3o que levava Mar\u00edlia decolou de Goi\u00e2nia com destino a Caratinga, MG, onde ela teria uma apresenta\u00e7\u00e3o esta noite.<\/h3>\n<h3>O Corpo de Bombeiros informou que a aeronave caiu pr\u00f3ximo \u00e0 Pousada Rodrigo Godinho, na zona rural Piedade de Caratinga, MG. Eles foram chamados para atender a ocorr\u00eancia por volta das 15h30 desta sexta. A princ\u00edpio, a assessoria de imprensa de Mar\u00edlia divulgou que ela estava bem e teria sido levada ao hospital. Horas depois, a not\u00edcia da morte foi confirmada.<\/h3>\n<h3>Antes de embarcar, a sertaneja falou sobre a viagem no Twitter e brincou ao comentar sobre as del\u00edcias da culin\u00e1ria mineira que n\u00e3o poderia comer por causa de uma dieta restrita que estava fazendo. &#8220;Essa \u00e9 a realidade meu povo! Me conta aqui nos coment\u00e1rios mais del\u00edcias desse estado maravilhoso que \u00e9 Minas Gerais!&#8221;, escreveu ela na postagem.<\/h3>\n<h3 id=\"intextvideo-r7\">Trajet\u00f3ria<\/h3>\n<h3>Nascida em Cristian\u00f3polis, munic\u00edpio do estado de Goi\u00e1s, Mar\u00edlia\u00a0teve seu primeiro contato com a m\u00fasica atrav\u00e9s da igreja e come\u00e7ou a compor quando tinha 12 anos, escrevendo can\u00e7\u00f5es para outros artistas.<\/h3>\n<h3>A cantora ganhou destaque nacional ap\u00f3s lan\u00e7ar seu primeiro DVD, em 2016, e virou um dos maiores nomes do sertanejo com<em>\u00a0Infiel<\/em>.<\/h3>\n<h3>No ano seguinte, em 2017, Mar\u00edlia foi indicada ao Grammy Latino com o \u00e1lbum Realidade<\/h3>\n<h3>Em 2017, Mar\u00edlia foi indicada ao Grammy Latino com o \u00e1lbum\u00a0<em>Realidade<\/em>\u00a0na categoria Melhor \u00c1lbum de M\u00fasica Sertaneja. Dois anos depois, em 2019, lan\u00e7ou\u00a0<em>Todos os Cantos<\/em>, um projeto roterizado com shows gravados pela cantora em todas as capitais do pa\u00eds.\u00a0O \u00e1lbum rendeu uma certifica\u00e7\u00e3o de disco de tripla platina pelas 240 mil c\u00f3pias vendidas.<\/h3>\n<h3>Em 2020, junto com as cantoras e irm\u00e3s Maiara e Maraisa, Mar\u00edlia lan\u00e7ava o \u00e1lbum intitulado Patroas.\u00a0O projeto foi gravado como live no YouTube. No trabalho, destaque\u00a0 para a m\u00fasica\u00a0<em>Uma Vida A Mais<\/em>, composi\u00e7\u00e3o de Mar\u00edlia Mendon\u00e7a, Maraisa, Juliano Tchula e Elcio di Carvalho, \u00e9 uma vers\u00e3o da m\u00fasica\u00a0<em>Listen To Your Heart<\/em>, da dupla de pop rock sueca Roxette.<\/h3>\n<p><span style=\"color: #0000ff;\">RK<\/span><\/p>\n","protected":false},"excerpt":{"rendered":"<p>Mar\u00edlia Mendon\u00e7a, de 26 anos, morreu nesta sexta-feira (5) ap\u00f3s a\u00a0queda de um avi\u00e3o,\u00a0na Serra de Caratinga, em Minas Gerais. A cantora viajava a trabalho e faria shows pelo estado. A not\u00edcia da morte foi confirmada pela assessoria de imprensa da artista. &#8220;Com imenso pesar, confirmamos a morte da cantora Mar\u00edlia Mendon\u00e7a, seu produtor Henrique [&hellip;]<\/p>\n","protected":false},"author":2,"featured_media":0,"comment_status":"open","ping_status":"open","sticky":false,"template":"","format":"standard","meta":{"_links_to":"","_links_to_target":""},"categories":[1],"tags":[],"_links":{"self":[{"href":"https:\/\/www.blogdotarugao.com.br\/v1\/wp-json\/wp\/v2\/posts\/143166"}],"collection":[{"href":"https:\/\/www.blogdotarugao.com.br\/v1\/wp-json\/wp\/v2\/posts"}],"about":[{"href":"https:\/\/www.blogdotarugao.com.br\/v1\/wp-json\/wp\/v2\/types\/post"}],"author":[{"embeddable":true,"href":"https:\/\/www.blogdotarugao.com.br\/v1\/wp-json\/wp\/v2\/users\/2"}],"replies":[{"embeddable":true,"href":"https:\/\/www.blogdotarugao.com.br\/v1\/wp-json\/wp\/v2\/comments?post=143166"}],"version-history":[{"count":2,"href":"https:\/\/www.blogdotarugao.com.br\/v1\/wp-json\/wp\/v2\/posts\/143166\/revisions"}],"predecessor-version":[{"id":143169,"href":"https:\/\/www.blogdotarugao.com.br\/v1\/wp-json\/wp\/v2\/posts\/143166\/revisions\/143169"}],"wp:attachment":[{"href":"https:\/\/www.blogdotarugao.com.br\/v1\/wp-json\/wp\/v2\/media?parent=143166"}],"wp:term":[{"taxonomy":"category","embeddable":true,"href":"https:\/\/www.blogdotarugao.com.br\/v1\/wp-json\/wp\/v2\/categories?post=143166"},{"taxonomy":"post_tag","embeddable":true,"href":"https:\/\/www.blogdotarugao.com.br\/v1\/wp-json\/wp\/v2\/tags?post=143166"}],"curies":[{"name":"wp","href":"https:\/\/api.w.org\/{rel}","templated":true}]}}