{"id":143173,"date":"2021-11-05T18:40:41","date_gmt":"2021-11-05T21:40:41","guid":{"rendered":"http:\/\/www.blogdotarugao.com.br\/v1\/?p=143173"},"modified":"2021-11-05T18:46:15","modified_gmt":"2021-11-05T21:46:15","slug":"marilia-mendonca-fez-post-exatamente-a-dois-ans-antes-de-morrer-em-acidente-aereo-trocaria-qualquer-coisa-para-nao-ter-que-ficar-pegando-aviao","status":"publish","type":"post","link":"https:\/\/www.blogdotarugao.com.br\/v1\/2021\/11\/05\/marilia-mendonca-fez-post-exatamente-a-dois-ans-antes-de-morrer-em-acidente-aereo-trocaria-qualquer-coisa-para-nao-ter-que-ficar-pegando-aviao\/","title":{"rendered":"MAR\u00cdLIA MENDON\u00c7A FEZ POST EXATAMENTE A DOIS ANOS ANTES DE MORRER EM ACIDENTE A\u00c9REO: &#8220;TROCARIA QUALQUER COISA PARA N\u00c3O TER QUE FICAR PEGANDO AVI\u00c3O&#8221;"},"content":{"rendered":"<div class=\"row content-head non-featured \">\n<div class=\"medium-centered subtitle\">\n<h2 class=\"content-head__subtitle\">Cantora publicou mensagem em rede social em 5 de novembro de 2019. Considerada uma das artistas mais populares da m\u00fasica sertaneja do Brasil, Mar\u00edlia estava numa aeronave, com mais quatro pessoas, que caiu nesta sexta no interior de MG.<\/h2>\n<\/div>\n<\/div>\n<div class=\"content__signa-share\">\n<div class=\"content__share-bar\"><\/div>\n<\/div>\n<div class=\"mc-article-body\">\n<article>\n<div class=\"row medium-uncollapsed content-media content-photo\" data-block-type=\"backstage-photo\" data-block-id=\"0\">\n<div class=\"mc-column content-media__container\">\n<div class=\"content-media-container glb-skeleton-box\">\n<figure class=\"content-media-figure\"><img loading=\"lazy\" class=\"i-amphtml-fill-content i-amphtml-replaced-content alignleft\" src=\"https:\/\/s2.glbimg.com\/PJgQYYBFDSlxj6YmIAts9AuMXpI=\/0x0:609x239\/984x0\/smart\/filters:strip_icc()\/i.s3.glbimg.com\/v1\/AUTH_59edd422c0c84a879bd37670ae4f538a\/internal_photos\/bs\/2021\/U\/P\/46Oi87SayEoeqOTwDJHQ\/post-mm.jpg\" sizes=\"(max-width: 1366px) 648px, 100vw\" srcset=\"https:\/\/s2.glbimg.com\/_1-qRliyzTOlPFVumI1U5nTYvsE=\/0x0:609x239\/1000x0\/smart\/filters:strip_icc()\/i.s3.glbimg.com\/v1\/AUTH_59edd422c0c84a879bd37670ae4f538a\/internal_photos\/bs\/2021\/U\/P\/46Oi87SayEoeqOTwDJHQ\/post-mm.jpg 1000w, https:\/\/s2.glbimg.com\/PJgQYYBFDSlxj6YmIAts9AuMXpI=\/0x0:609x239\/984x0\/smart\/filters:strip_icc()\/i.s3.glbimg.com\/v1\/AUTH_59edd422c0c84a879bd37670ae4f538a\/internal_photos\/bs\/2021\/U\/P\/46Oi87SayEoeqOTwDJHQ\/post-mm.jpg 984w, https:\/\/s2.glbimg.com\/tFS3olnCrgwPpbvt44q3w-3SkrQ=\/0x0:609x239\/640x0\/smart\/filters:strip_icc()\/i.s3.glbimg.com\/v1\/AUTH_59edd422c0c84a879bd37670ae4f538a\/internal_photos\/bs\/2021\/U\/P\/46Oi87SayEoeqOTwDJHQ\/post-mm.jpg 640w, https:\/\/s2.glbimg.com\/G87hpCzdLRje3oEfhzffiMQIg4w=\/0x0:609x239\/600x0\/smart\/filters:strip_icc()\/i.s3.glbimg.com\/v1\/AUTH_59edd422c0c84a879bd37670ae4f538a\/internal_photos\/bs\/2021\/U\/P\/46Oi87SayEoeqOTwDJHQ\/post-mm.jpg 600w\" alt=\"Post de Mar\u00edlia Mendon\u00e7a no Twitter \u2014 Foto: Twitter\/Reprodu\u00e7\u00e3o\" width=\"584\" height=\"229\" \/><\/figure>\n<\/div>\n<p class=\"content-media__description \">Post de Mar\u00edlia Mendon\u00e7a no Twitter \u2014 Foto: Twitter\/Reprodu\u00e7\u00e3o<\/p>\n<\/div>\n<\/div>\n<div class=\"mc-column content-text active-extra-styles \" data-block-type=\"unstyled\" data-block-weight=\"63\" data-block-id=\"2\">\n<h3 class=\"content-text__container \" data-track-category=\"Link no Texto\">Em 5 de novembro de 2019, exatamente dois anos antes de\u00a0<a href=\"https:\/\/g1.globo.com\/pop-arte\/musica\/noticia\/2021\/11\/05\/marilia-mendonca-morre-apos-queda-de-aviao-em-minas-gerais.ghtml\">ter morrido na queda de um avi\u00e3o de pequeno porte<\/a>, a cantora\u00a0<a href=\"https:\/\/g1.globo.com\/tudo-sobre\/marilia-mendonca\/\">Mar\u00edlia Mendon\u00e7a<\/a>\u00a0fez o seguinte post numa rede social: &#8220;Cada um nas suas dificuldades, eu trocaria qualquer coisa para n\u00e3o ter que ficar pegando avi\u00e3o. S\u00f3 para ficar pertinho da fam\u00edlia. Mas \u00e9 isso! Somos mais fortes do que imaginamos!&#8221;.<\/h3>\n<\/div>\n<div class=\"wall protected-content\">\n<ul class=\"content-unordered-list\">\n<li><a href=\"https:\/\/api.whatsapp.com\/send?text=https:\/\/g1.globo.com\/pop-arte\/musica\/noticia\/2021\/11\/05\/marilia-mendonca-fez-post-exatamente-dois-anos-antes-de-morrer-em-acidente-aereo-trocaria-qualquer-coisa-para-nao-ter-que-ficar-pegando-aviao.ghtml?utm_source%3Dwhatsapp%26utm_medium%3Dshare-engagement%26utm_campaign%3Dte-materias\" target=\"_blank\" rel=\"noopener\">Compartilhe esta not\u00edcia no WhatsApp<\/a><\/li>\n<li><a href=\"https:\/\/telegram.me\/share\/url?url=https:\/\/g1.globo.com\/pop-arte\/musica\/noticia\/2021\/11\/05\/marilia-mendonca-fez-post-exatamente-dois-anos-antes-de-morrer-em-acidente-aereo-trocaria-qualquer-coisa-para-nao-ter-que-ficar-pegando-aviao.ghtml?utm_source%3Dtelegram%26utm_medium%3Dshare-engagement%26utm_campaign%3Dte-materias\" target=\"_blank\" rel=\"noopener\">Compartilhe esta not\u00edcia no Telegram<\/a><\/li>\n<\/ul>\n<p>&nbsp;<\/p>\n<p class=\"content-text__container \" data-track-category=\"Link no Texto\" data-track-links=\"\">Considerada uma das artistas mais populares da m\u00fasica sertaneja do Brasil, Mar\u00edlia Mendon\u00e7a estava numa aeronave, com mais quatro pessoas, que caiu nesta sexta-feira (5) perto de uma cachoeira na serra de Caratinga, interior de Minas Gerais. Nenhum ocupante da avi\u00e3o sobreviveu\u00a0<em>(leia mais abaixo)<\/em>.<\/p>\n<p class=\"content-text__container \" data-track-category=\"Link no Texto\" data-track-links=\"\">A cantora nasceu em Cristian\u00f3polis (GO) em 22 de julho de 1995. Surgiu como \u00edcone do feminejo, em 2016, com sucessos como &#8220;Infiel&#8221; e &#8220;Eu sei de cor&#8221;. Antes, j\u00e1 era compositora de sucessos do sertanejo. Mar\u00edlia Mendon\u00e7a deixa um filho de um ano.<\/p>\n<div class=\"content-media__container\">\n<div class=\"content-video__bigger-player-description-fixer\">\n<article class=\"content-video\">\n<section class=\"content-video__video-container\">\n<div class=\"content-video__video\">\n<div class=\"content-video__placeholder\" data-video-id=\"10015100\" data-video-has-viewport-play=\"True\"><img loading=\"lazy\" class=\"content-video__placeholder__thumb alignleft\" title=\"Mar\u00edlia Mendon\u00e7a morre em queda de avi\u00e3o em Minas Gerais\" src=\"https:\/\/s01.video.glbimg.com\/x240\/10015100.jpg\" alt=\"Mar\u00edlia Mendon\u00e7a morre em queda de avi\u00e3o em Minas Gerais\" width=\"585\" height=\"329\" \/><\/div>\n<div id=\"wp3-player-2\" class=\"clappr-player\" tabindex=\"9999\" data-player=\"\">\n<div class=\"container master-container pointer-enabled\" data-container=\"\" data-pip=\"\">\n<div class=\"poster\">\n<div class=\"poster__play-wrapper\"><\/div>\n<\/div>\n<div class=\"id-playback\" data-id-playback=\"\"><video id=\"c74\" poster=\"https:\/\/s01.video.glbimg.com\/x720\/10015100.jpg\" preload=\"none\" width=\"300\" height=\"150\" data-html5-video=\"\" data-mce-fragment=\"1\"><\/video><\/div>\n<\/div>\n<\/div>\n<\/div>\n<\/section>\n<\/article>\n<\/div>\n<p class=\"content-media__description\">Mar\u00edlia Mendon\u00e7a morre em queda de avi\u00e3o em Minas Gerais<\/p>\n<\/div>\n<div class=\"content-media__container\">\n<div class=\"content-video__bigger-player-description-fixer\">\n<article class=\"content-video\">\n<section class=\"content-video__video-container\">\n<div class=\"content-video__video\">\n<div id=\"wp3-player-3\" class=\"clappr-player\" tabindex=\"9999\" data-player=\"\">\n<div class=\"container master-container pointer-enabled\" data-container=\"\" data-pip=\"\">\n<div class=\"id-playback\" data-id-playback=\"\"><video id=\"c115\" poster=\"https:\/\/s02.video.glbimg.com\/x720\/10014957.jpg\" preload=\"none\" width=\"300\" height=\"150\" data-html5-video=\"\" data-mce-fragment=\"1\"><\/video><\/div>\n<\/div>\n<\/div>\n<\/div>\n<\/section>\n<\/article>\n<\/div>\n<\/div>\n<div class=\"content-intertitle\">\n<h2>O acidente<\/h2>\n<\/div>\n<p class=\"content-text__container \" data-track-category=\"Link no Texto\" data-track-links=\"\">Em nota divulgada nesta sexta \u00e0 tarde ap\u00f3s o acidente, a assessoria de imprensa de Mar\u00edlia Mendon\u00e7a informou:<\/p>\n<p class=\"content-text__container \" data-track-category=\"Link no Texto\" data-track-links=\"\">&#8220;Com imenso pesar, confirmamos a morte da cantora Mar\u00edlia Mendon\u00e7a, seu produtor Henrique Ribeiro, seu tio e assessor Abicieli Silveira Dias Filho, do piloto e copiloto do avi\u00e3o, os quais iremos preservar os nomes neste momento. O avi\u00e3o decolou de Goi\u00e2nia com destino a Caratinga\/MG, onde Mar\u00edlia teria uma apresenta\u00e7\u00e3o esta noite. De momento, s\u00e3o estas as informa\u00e7\u00f5es que temos&#8221;.<\/p>\n<p class=\"content-text__container \" data-track-category=\"Link no Texto\" data-track-links=\"\">Antes de embarcar, Mar\u00edlia Mendon\u00e7a fez um v\u00eddeo em que aparecia entrando no avi\u00e3o e publicou no Twitter.<\/p>\n<p class=\"content-text__container \" data-track-category=\"Link no Texto\" data-track-links=\"\">A aeronave era um bimotor Beech Aircraft, da PEC T\u00e1xi A\u00e9reo, de Goi\u00e1s, prefixo PT-ONJ, com capacidade para seis passageiros. Segundo a Ag\u00eancia Nacional de Avia\u00e7\u00e3o Civil (Anac), o avi\u00e3o est\u00e1 em situa\u00e7\u00e3o regular e tem autoriza\u00e7\u00e3o para fazer t\u00e1xi a\u00e9reo.<\/p>\n<p class=\"content-text__container \" data-track-category=\"Link no Texto\" data-track-links=\"\">At\u00e9 a \u00faltima atualiza\u00e7\u00e3o desta reportagem, n\u00e3o havia informa\u00e7\u00f5es sobre o motivo da queda. A Aeron\u00e1utica deve apurar as causas do acidente. Investigadores foram enviados ao local.<\/p>\n<div class=\"row medium-uncollapsed content-media content-photo\" data-block-type=\"backstage-photo\" data-block-id=\"17\">\n<div class=\"mc-column content-media__container\">\n<figure class=\"content-media-figure\"><img class=\"i-amphtml-fill-content i-amphtml-replaced-content\" src=\"https:\/\/s2.glbimg.com\/0xZwhQj2oNUDqUJawxVZVoxh13k=\/0x0:650x1400\/984x0\/smart\/filters:strip_icc()\/i.s3.glbimg.com\/v1\/AUTH_59edd422c0c84a879bd37670ae4f538a\/internal_photos\/bs\/2021\/G\/k\/TYB7iARFmm3bwwSBVtig\/marilia-mendonca-info-1-.png\" sizes=\"(max-width: 1366px) 648px, 100vw\" srcset=\"https:\/\/s2.glbimg.com\/Go_pQ5QVQ_5yQfRkKfZhXJLo56E=\/0x0:650x1400\/1000x0\/smart\/filters:strip_icc()\/i.s3.glbimg.com\/v1\/AUTH_59edd422c0c84a879bd37670ae4f538a\/internal_photos\/bs\/2021\/G\/k\/TYB7iARFmm3bwwSBVtig\/marilia-mendonca-info-1-.png 1000w, https:\/\/s2.glbimg.com\/0xZwhQj2oNUDqUJawxVZVoxh13k=\/0x0:650x1400\/984x0\/smart\/filters:strip_icc()\/i.s3.glbimg.com\/v1\/AUTH_59edd422c0c84a879bd37670ae4f538a\/internal_photos\/bs\/2021\/G\/k\/TYB7iARFmm3bwwSBVtig\/marilia-mendonca-info-1-.png 984w, https:\/\/s2.glbimg.com\/WymUafkq5-UlUZaF-zXQSr90SiE=\/0x0:650x1400\/640x0\/smart\/filters:strip_icc()\/i.s3.glbimg.com\/v1\/AUTH_59edd422c0c84a879bd37670ae4f538a\/internal_photos\/bs\/2021\/G\/k\/TYB7iARFmm3bwwSBVtig\/marilia-mendonca-info-1-.png 640w, https:\/\/s2.glbimg.com\/4utLu79GKh5VQbHVFStBDEx7CUE=\/0x0:650x1400\/600x0\/smart\/filters:strip_icc()\/i.s3.glbimg.com\/v1\/AUTH_59edd422c0c84a879bd37670ae4f538a\/internal_photos\/bs\/2021\/G\/k\/TYB7iARFmm3bwwSBVtig\/marilia-mendonca-info-1-.png 600w\" alt=\"Marilia Mendon\u00e7a morre em queda de avi\u00e3o em MG \u2014 Foto: Arte g1\" \/><\/figure>\n<h3 class=\"content-media__description \">Marilia Mendon\u00e7a morre em queda de avi\u00e3o em MG \u2014 Foto: Arte g1<\/h3>\n<\/div>\n<\/div>\n<\/div>\n<\/article>\n<\/div>\n","protected":false},"excerpt":{"rendered":"<p>Cantora publicou mensagem em rede social em 5 de novembro de 2019. Considerada uma das artistas mais populares da m\u00fasica sertaneja do Brasil, Mar\u00edlia estava numa aeronave, com mais quatro pessoas, que caiu nesta sexta no interior de MG. Post de Mar\u00edlia Mendon\u00e7a no Twitter \u2014 Foto: Twitter\/Reprodu\u00e7\u00e3o Em 5 de novembro de 2019, exatamente [&hellip;]<\/p>\n","protected":false},"author":2,"featured_media":0,"comment_status":"open","ping_status":"open","sticky":false,"template":"","format":"standard","meta":{"_links_to":"","_links_to_target":""},"categories":[1],"tags":[],"_links":{"self":[{"href":"https:\/\/www.blogdotarugao.com.br\/v1\/wp-json\/wp\/v2\/posts\/143173"}],"collection":[{"href":"https:\/\/www.blogdotarugao.com.br\/v1\/wp-json\/wp\/v2\/posts"}],"about":[{"href":"https:\/\/www.blogdotarugao.com.br\/v1\/wp-json\/wp\/v2\/types\/post"}],"author":[{"embeddable":true,"href":"https:\/\/www.blogdotarugao.com.br\/v1\/wp-json\/wp\/v2\/users\/2"}],"replies":[{"embeddable":true,"href":"https:\/\/www.blogdotarugao.com.br\/v1\/wp-json\/wp\/v2\/comments?post=143173"}],"version-history":[{"count":2,"href":"https:\/\/www.blogdotarugao.com.br\/v1\/wp-json\/wp\/v2\/posts\/143173\/revisions"}],"predecessor-version":[{"id":143175,"href":"https:\/\/www.blogdotarugao.com.br\/v1\/wp-json\/wp\/v2\/posts\/143173\/revisions\/143175"}],"wp:attachment":[{"href":"https:\/\/www.blogdotarugao.com.br\/v1\/wp-json\/wp\/v2\/media?parent=143173"}],"wp:term":[{"taxonomy":"category","embeddable":true,"href":"https:\/\/www.blogdotarugao.com.br\/v1\/wp-json\/wp\/v2\/categories?post=143173"},{"taxonomy":"post_tag","embeddable":true,"href":"https:\/\/www.blogdotarugao.com.br\/v1\/wp-json\/wp\/v2\/tags?post=143173"}],"curies":[{"name":"wp","href":"https:\/\/api.w.org\/{rel}","templated":true}]}}