{"id":143189,"date":"2021-11-08T19:40:36","date_gmt":"2021-11-08T22:40:36","guid":{"rendered":"http:\/\/www.blogdotarugao.com.br\/v1\/?p=143189"},"modified":"2021-11-08T19:40:36","modified_gmt":"2021-11-08T22:40:36","slug":"cerca-de-85-mil-pessoas-podem-ter-beneficio-do-inss-suspenso","status":"publish","type":"post","link":"https:\/\/www.blogdotarugao.com.br\/v1\/2021\/11\/08\/cerca-de-85-mil-pessoas-podem-ter-beneficio-do-inss-suspenso\/","title":{"rendered":"CERCA DE 85 MIL PESSOAS PODEM TER BENEF\u00cdCIO DO INSS SUSPENSO"},"content":{"rendered":"<h3><img loading=\"lazy\" class=\"alignnone  wp-image-68746\" src=\"http:\/\/www.blogdotarugao.com.br\/v1\/wp-content\/uploads\/2016\/10\/pericia-medica-inss-300x200.jpeg\" alt=\"\" width=\"580\" height=\"386\" srcset=\"https:\/\/www.blogdotarugao.com.br\/v1\/wp-content\/uploads\/2016\/10\/pericia-medica-inss-300x200.jpeg 300w, https:\/\/www.blogdotarugao.com.br\/v1\/wp-content\/uploads\/2016\/10\/pericia-medica-inss.jpeg 320w\" sizes=\"(max-width: 580px) 100vw, 580px\" \/><\/h3>\n<h3>Cerca de 85 mil segurados do Instituto Nacional do Seguro Social (INSS) que recebem o benef\u00edcio por incapacidade tempor\u00e1ria (antigo aux\u00edlio-doen\u00e7a) podem ter o benef\u00edcio suspenso at\u00e9 a pr\u00f3xima quinta-feira (11). Eles foram convocados pela opera\u00e7\u00e3o pente-fino do \u00f3rg\u00e3o para fazerem per\u00edcia m\u00e9dica a fim de verificar poss\u00edveis irregularidades.<img src=\"https:\/\/agenciabrasil.ebc.com.br\/ebc.png?id=1426908&amp;o=node\" \/><img src=\"https:\/\/agenciabrasil.ebc.com.br\/ebc.gif?id=1426908&amp;o=node\" \/><\/h3>\n<h3>Em 27 de setembro, o INSS convocou 95.588 segurados para agendarem per\u00edcia m\u00e9dica at\u00e9 11 de novembro. Segundo o \u00f3rg\u00e3o, at\u00e9 agora somente 10.397 marcaram o exame, com 85.191 pass\u00edveis de perderem o aux\u00edlio de incapacidade tempor\u00e1ria.<\/h3>\n<h3>A rela\u00e7\u00e3o completa dos convocados pode ser consultada no\u00a0<a href=\"https:\/\/www.in.gov.br\/en\/web\/dou\/-\/edital-de-convocacao-347888278\" target=\"_blank\" rel=\"noopener\"><em>Di\u00e1rio Oficial da Uni\u00e3o<\/em><\/a>. Desde julho, o \u00f3rg\u00e3o est\u00e1 enviando cartas a 170 mil segurados. As per\u00edcias<a href=\"https:\/\/agenciabrasil.ebc.com.br\/economia\/noticia\/2021-07\/revisao-de-170-mil-beneficios-do-inss-comeca-em-agosto\" target=\"_blank\" rel=\"noopener\">\u00a0come\u00e7aram em agosto<\/a>. Quem recebe a notifica\u00e7\u00e3o tem 30 dias, a contar da data de recebimento informada pelos Correios, para agendar o procedimento.<\/h3>\n<h3>De acordo com o INSS, as pessoas convocadas por meio do\u00a0<em>Di\u00e1rio Oficial<\/em>\u00a0n\u00e3o foram localizadas nos endere\u00e7os da base de dados do \u00f3rg\u00e3o ou receberam a carta de notifica\u00e7\u00e3o, mas n\u00e3o marcaram a per\u00edcia m\u00e9dica.<\/h3>\n<h3>O exame pode ser marcado de tr\u00eas formas: pelo aplicativo Meu INSS, pela central de atendimento 135 ou pela<a href=\"http:\/\/www.meu.inss.gov.br\/\" target=\"_blank\" rel=\"noopener\">\u00a0p\u00e1gina do INSS<\/a> na internet. O benefici\u00e1rio deve levar os seguintes documentos no dia da per\u00edcia: carteira de identidade, Cadastro de Pessoas F\u00edsicas (CPF), exames m\u00e9dicos recentes que comprovem a incapacidade de trabalhar e laudo com nome do m\u00e9dico, registro no Conselho Regional de Medicina (CRM), c\u00f3digo da doen\u00e7a\/CID (classifica\u00e7\u00e3o internacional de doen\u00e7as) e a descri\u00e7\u00e3o da doen\u00e7a. ( ABRASIL)<\/h3>\n<p><span style=\"color: #0000ff;\">RK<\/span><\/p>\n","protected":false},"excerpt":{"rendered":"<p>Cerca de 85 mil segurados do Instituto Nacional do Seguro Social (INSS) que recebem o benef\u00edcio por incapacidade tempor\u00e1ria (antigo aux\u00edlio-doen\u00e7a) podem ter o benef\u00edcio suspenso at\u00e9 a pr\u00f3xima quinta-feira (11). Eles foram convocados pela opera\u00e7\u00e3o pente-fino do \u00f3rg\u00e3o para fazerem per\u00edcia m\u00e9dica a fim de verificar poss\u00edveis irregularidades. Em 27 de setembro, o INSS [&hellip;]<\/p>\n","protected":false},"author":2,"featured_media":0,"comment_status":"open","ping_status":"open","sticky":false,"template":"","format":"standard","meta":{"_links_to":"","_links_to_target":""},"categories":[1],"tags":[],"_links":{"self":[{"href":"https:\/\/www.blogdotarugao.com.br\/v1\/wp-json\/wp\/v2\/posts\/143189"}],"collection":[{"href":"https:\/\/www.blogdotarugao.com.br\/v1\/wp-json\/wp\/v2\/posts"}],"about":[{"href":"https:\/\/www.blogdotarugao.com.br\/v1\/wp-json\/wp\/v2\/types\/post"}],"author":[{"embeddable":true,"href":"https:\/\/www.blogdotarugao.com.br\/v1\/wp-json\/wp\/v2\/users\/2"}],"replies":[{"embeddable":true,"href":"https:\/\/www.blogdotarugao.com.br\/v1\/wp-json\/wp\/v2\/comments?post=143189"}],"version-history":[{"count":1,"href":"https:\/\/www.blogdotarugao.com.br\/v1\/wp-json\/wp\/v2\/posts\/143189\/revisions"}],"predecessor-version":[{"id":143190,"href":"https:\/\/www.blogdotarugao.com.br\/v1\/wp-json\/wp\/v2\/posts\/143189\/revisions\/143190"}],"wp:attachment":[{"href":"https:\/\/www.blogdotarugao.com.br\/v1\/wp-json\/wp\/v2\/media?parent=143189"}],"wp:term":[{"taxonomy":"category","embeddable":true,"href":"https:\/\/www.blogdotarugao.com.br\/v1\/wp-json\/wp\/v2\/categories?post=143189"},{"taxonomy":"post_tag","embeddable":true,"href":"https:\/\/www.blogdotarugao.com.br\/v1\/wp-json\/wp\/v2\/tags?post=143189"}],"curies":[{"name":"wp","href":"https:\/\/api.w.org\/{rel}","templated":true}]}}