{"id":143296,"date":"2021-11-17T07:07:01","date_gmt":"2021-11-17T10:07:01","guid":{"rendered":"https:\/\/www.blogdotarugao.com.br\/v1\/?p=143296"},"modified":"2021-11-17T07:07:01","modified_gmt":"2021-11-17T10:07:01","slug":"caatiba-prefeita-tania-ribeiro-participa-da-mobilizacao-municipalista-em-brasilia","status":"publish","type":"post","link":"https:\/\/www.blogdotarugao.com.br\/v1\/2021\/11\/17\/caatiba-prefeita-tania-ribeiro-participa-da-mobilizacao-municipalista-em-brasilia\/","title":{"rendered":"CAATIBA: PREFEITA T\u00c2NIA RIBEIRO PARTICIPA DA MOBILIZA\u00c7\u00c3O MUNICIPALISTA EM BRAS\u00cdLIA"},"content":{"rendered":"<h3><img loading=\"lazy\" class=\"wp-image-143297 alignleft\" src=\"http:\/\/www.blogdotarugao.com.br\/v1\/wp-content\/uploads\/2021\/11\/a-17.jpg\" alt=\"\" width=\"585\" height=\"566\" \/>Convocados pela CNM- Confedera\u00e7\u00e3o Nacional dos Munic\u00edpios, gestores p\u00fablicos participam da mobiliza\u00e7\u00e3o municipalista em Bras\u00edlia na semana passada.<\/h3>\n<h3>O movimento teve importantes pautas como: A Proposta de Emenda \u00e0 Constitui\u00e7\u00e3o-PEC 23\/2021 (sobre o parcelamento dos d\u00e9bitos previdenci\u00e1rios), a PEC 122\/2015 (sobre o encargo vinculado ao repasse), a PEC 13\/2021 (sobre o m\u00ednimo da Educa\u00e7\u00e3o em 2020), o Projeto de Lei (PL) 3339\/2021 (sobre a regulamenta\u00e7\u00e3o do Fundeb), o PDL 290\/2019 (sobre as Organiza\u00e7\u00f5es Sociais fora do limite de pessoal), contudo, pautando principalmente a busca de solu\u00e7\u00e3o para a crise nos munic\u00edpios.<\/h3>\n<h3>A Prefeita<strong>\u00a0T\u00e2nia Ribeiro<\/strong>, que esteve presente nesse encontro de gestores, coloca a import\u00e2ncia da participa\u00e7\u00e3o dos prefeitos tendo em vista que as articula\u00e7\u00f5es e uni\u00e3o entre os representantes legais de cada munic\u00edpio resultar\u00e3o em grandes conquistas em prol dos seus munic\u00edpios.<\/h3>\n<h3>A Mobiliza\u00e7\u00e3o Municipalista com a participa\u00e7\u00e3o de mais de 150 prefeitos baianos teve prosseguimento na quarta-feira (10) para discuss\u00e3o de demais mat\u00e9rias. Fonte: <span style=\"color: #000080;\">Ascom<\/span> <span style=\"color: #000080;\"><a style=\"color: #000080;\" href=\"https:\/\/www.facebook.com\/elenylson.zeeba.5?__cft__%5b0%5d=AZXbyYEjUgneDrMy_fqNXUtJSfnaKcEO7QKJGyA0ijyNrm1RypOgq183msohlhbiOJYp8DNJlMdGAlSr4cxI0MCuTq2NoZuIcoRIviatJLlR6L-xhMRV0eiTdOMmLJRmjHI-UjomBq2I6di7jAEQypOP&amp;__tn__=-%5dK-R\">Caatiba Bahia<\/a><\/span><\/h3>\n","protected":false},"excerpt":{"rendered":"<p>Convocados pela CNM- Confedera\u00e7\u00e3o Nacional dos Munic\u00edpios, gestores p\u00fablicos participam da mobiliza\u00e7\u00e3o municipalista em Bras\u00edlia na semana passada. O movimento teve importantes pautas como: A Proposta de Emenda \u00e0 Constitui\u00e7\u00e3o-PEC 23\/2021 (sobre o parcelamento dos d\u00e9bitos previdenci\u00e1rios), a PEC 122\/2015 (sobre o encargo vinculado ao repasse), a PEC 13\/2021 (sobre o m\u00ednimo da Educa\u00e7\u00e3o em [&hellip;]<\/p>\n","protected":false},"author":2,"featured_media":0,"comment_status":"open","ping_status":"open","sticky":false,"template":"","format":"standard","meta":{"_links_to":"","_links_to_target":""},"categories":[1],"tags":[],"_links":{"self":[{"href":"https:\/\/www.blogdotarugao.com.br\/v1\/wp-json\/wp\/v2\/posts\/143296"}],"collection":[{"href":"https:\/\/www.blogdotarugao.com.br\/v1\/wp-json\/wp\/v2\/posts"}],"about":[{"href":"https:\/\/www.blogdotarugao.com.br\/v1\/wp-json\/wp\/v2\/types\/post"}],"author":[{"embeddable":true,"href":"https:\/\/www.blogdotarugao.com.br\/v1\/wp-json\/wp\/v2\/users\/2"}],"replies":[{"embeddable":true,"href":"https:\/\/www.blogdotarugao.com.br\/v1\/wp-json\/wp\/v2\/comments?post=143296"}],"version-history":[{"count":1,"href":"https:\/\/www.blogdotarugao.com.br\/v1\/wp-json\/wp\/v2\/posts\/143296\/revisions"}],"predecessor-version":[{"id":143298,"href":"https:\/\/www.blogdotarugao.com.br\/v1\/wp-json\/wp\/v2\/posts\/143296\/revisions\/143298"}],"wp:attachment":[{"href":"https:\/\/www.blogdotarugao.com.br\/v1\/wp-json\/wp\/v2\/media?parent=143296"}],"wp:term":[{"taxonomy":"category","embeddable":true,"href":"https:\/\/www.blogdotarugao.com.br\/v1\/wp-json\/wp\/v2\/categories?post=143296"},{"taxonomy":"post_tag","embeddable":true,"href":"https:\/\/www.blogdotarugao.com.br\/v1\/wp-json\/wp\/v2\/tags?post=143296"}],"curies":[{"name":"wp","href":"https:\/\/api.w.org\/{rel}","templated":true}]}}