{"id":143302,"date":"2021-11-17T19:57:11","date_gmt":"2021-11-17T22:57:11","guid":{"rendered":"http:\/\/www.blogdotarugao.com.br\/v1\/?p=143302"},"modified":"2021-11-17T20:01:14","modified_gmt":"2021-11-17T23:01:14","slug":"beneficiarios-tem-ate-sexta-para-agendar-pericia-medica-no-inss","status":"publish","type":"post","link":"https:\/\/www.blogdotarugao.com.br\/v1\/2021\/11\/17\/beneficiarios-tem-ate-sexta-para-agendar-pericia-medica-no-inss\/","title":{"rendered":"BENEFICI\u00c1RIOS T\u00caM AT\u00c9 SEXTA PARA AGENDAR PER\u00cdCIA M\u00c9DICA NO INSS"},"content":{"rendered":"<h3><img loading=\"lazy\" class=\"alignnone size-full wp-image-137935 alignleft\" src=\"http:\/\/www.blogdotarugao.com.br\/v1\/wp-content\/uploads\/2021\/04\/105467inss-concessao-de-auxilio-doenca-volta-a-ser-feita-pela-internet-3.jpg\" alt=\"\" width=\"600\" height=\"282\" \/><\/h3>\n<h3>Os brasileiros que recebem o benef\u00edcio do Instituto Nacional do Seguro Social (INSS) por estarem afastados do trabalho por incapacidade tempor\u00e1ria, tem at\u00e9 a pr\u00f3xima sexta-feira (19) para agendar a nova per\u00edcia m\u00e9dica, sob o risco de ter o benef\u00edcio suspenso.<\/h3>\n<h3>De acordo com o \u00f3rg\u00e3o, at\u00e9 95 mil benefici\u00e1rios por afastamento tempor\u00e1rio foram convocados por edital no fim de setembro para agendar nova per\u00edcia m\u00e9dica. \u00c9 a partir da\u00ed que o INSS ir\u00e1 avaliar se os benefici\u00e1rios permanecem incapacitados para o trabalho. O prazo inicial, que ia at\u00e9 11 de novembro, foi prorrogado.<\/h3>\n<h3>Conforme divulgou a Ag\u00eancia Brasil, o agendamento pode ser feito por meio do aplicativo Meu INSS ou da central de atendimento 135. Se o segurado n\u00e3o agendar a per\u00edcia, o benef\u00edcio ser\u00e1 suspenso e s\u00f3 ser\u00e1 reativado ap\u00f3s novo agendamento. \u201cCaso n\u00e3o ocorra a manifesta\u00e7\u00e3o do cidad\u00e3o, o aux\u00edlio ser\u00e1 cessado definitivamente\u201d, alerta o INSS.<\/h3>\n<p><span style=\"color: #0000ff;\">RK<\/span><\/p>\n","protected":false},"excerpt":{"rendered":"<p>Os brasileiros que recebem o benef\u00edcio do Instituto Nacional do Seguro Social (INSS) por estarem afastados do trabalho por incapacidade tempor\u00e1ria, tem at\u00e9 a pr\u00f3xima sexta-feira (19) para agendar a nova per\u00edcia m\u00e9dica, sob o risco de ter o benef\u00edcio suspenso. De acordo com o \u00f3rg\u00e3o, at\u00e9 95 mil benefici\u00e1rios por afastamento tempor\u00e1rio foram convocados [&hellip;]<\/p>\n","protected":false},"author":2,"featured_media":0,"comment_status":"open","ping_status":"open","sticky":false,"template":"","format":"standard","meta":{"_links_to":"","_links_to_target":""},"categories":[1],"tags":[],"_links":{"self":[{"href":"https:\/\/www.blogdotarugao.com.br\/v1\/wp-json\/wp\/v2\/posts\/143302"}],"collection":[{"href":"https:\/\/www.blogdotarugao.com.br\/v1\/wp-json\/wp\/v2\/posts"}],"about":[{"href":"https:\/\/www.blogdotarugao.com.br\/v1\/wp-json\/wp\/v2\/types\/post"}],"author":[{"embeddable":true,"href":"https:\/\/www.blogdotarugao.com.br\/v1\/wp-json\/wp\/v2\/users\/2"}],"replies":[{"embeddable":true,"href":"https:\/\/www.blogdotarugao.com.br\/v1\/wp-json\/wp\/v2\/comments?post=143302"}],"version-history":[{"count":2,"href":"https:\/\/www.blogdotarugao.com.br\/v1\/wp-json\/wp\/v2\/posts\/143302\/revisions"}],"predecessor-version":[{"id":143306,"href":"https:\/\/www.blogdotarugao.com.br\/v1\/wp-json\/wp\/v2\/posts\/143302\/revisions\/143306"}],"wp:attachment":[{"href":"https:\/\/www.blogdotarugao.com.br\/v1\/wp-json\/wp\/v2\/media?parent=143302"}],"wp:term":[{"taxonomy":"category","embeddable":true,"href":"https:\/\/www.blogdotarugao.com.br\/v1\/wp-json\/wp\/v2\/categories?post=143302"},{"taxonomy":"post_tag","embeddable":true,"href":"https:\/\/www.blogdotarugao.com.br\/v1\/wp-json\/wp\/v2\/tags?post=143302"}],"curies":[{"name":"wp","href":"https:\/\/api.w.org\/{rel}","templated":true}]}}