{"id":143343,"date":"2021-11-18T07:20:40","date_gmt":"2021-11-18T10:20:40","guid":{"rendered":"http:\/\/www.blogdotarugao.com.br\/v1\/?p=143343"},"modified":"2021-11-18T07:20:40","modified_gmt":"2021-11-18T10:20:40","slug":"governo-da-bahia-publica-decreto-que-exige-vacinacao-de-servidores-e-empregados-publicos","status":"publish","type":"post","link":"https:\/\/www.blogdotarugao.com.br\/v1\/2021\/11\/18\/governo-da-bahia-publica-decreto-que-exige-vacinacao-de-servidores-e-empregados-publicos\/","title":{"rendered":"GOVERNO DA BAHIA PUBLICA DECRETO QUE EXIGE VACINA\u00c7\u00c3O DE SERVIDORES E EMPREGADOS P\u00daBLICOS"},"content":{"rendered":"<h3><img loading=\"lazy\" class=\"wp-image-143344 alignleft\" src=\"http:\/\/www.blogdotarugao.com.br\/v1\/wp-content\/uploads\/2021\/11\/a-24.jpg\" alt=\"\" width=\"584\" height=\"329\" \/>O Governo da Bahia publica no Di\u00e1rio Oficial do Estado, nesta quarta-feira (17), um decreto que exige a vacina\u00e7\u00e3o contra a Covid-19 dos servidores p\u00fablicos e empregados p\u00fablicos estaduais.<\/h3>\n<h3>De acordo com a decis\u00e3o, a recusa da imuniza\u00e7\u00e3o contra Covid-19, sem justa causa, \u00e9 pass\u00edvel de apura\u00e7\u00e3o de responsabilidade pelo n\u00e3o cumprimento de ordem superior.<\/h3>\n<h3>O controle da imuniza\u00e7\u00e3o ser\u00e1 feita atrav\u00e9s do Sistema de Recursos Humanos do Estado, o portal RH Bahia. Os servidores e empregados p\u00fablicos dever\u00e3o realizar uma autodeclara\u00e7\u00e3o online para comprovar a imuniza\u00e7\u00e3o, anexando ao sistema o cart\u00e3o de vacina\u00e7\u00e3o.<\/h3>\n<h3>A forma e o prazo de comprova\u00e7\u00e3o ser\u00e3o definidos pela Secretaria da Administra\u00e7\u00e3o do Estado (Saeb) e divulgados nos pr\u00f3ximos dias.<\/h3>\n<h3>Ainda segundo o governo, servidores e empregados que ainda n\u00e3o tiverem se vacinado ser\u00e3o notificados para que realizem imediatamente a imuniza\u00e7\u00e3o. Quem n\u00e3o cumprir a decis\u00e3o pode sofrer afastamento de suas fun\u00e7\u00f5es.<\/h3>\n<h3>As empresas integrantes da administra\u00e7\u00e3o indireta do Estado tamb\u00e9m dever\u00e3o seguir as normas definidas pelo novo decreto estadual, que passa a vigorar a partir desta quarta (17), data de publica\u00e7\u00e3o.<\/h3>\n<h3>Al\u00e9m disso, empresas privadas contratadas pelo Governo do Estado tamb\u00e9m dever\u00e3o seguir as normas estabelecidas pelo novo decreto para os trabalhadores que atuam na estrutura da administra\u00e7\u00e3o estadual.<\/h3>\n<h3>O Governo do Estado diz que tem respaldo legal na lei federal que permite a imposi\u00e7\u00e3o de medidas restritivas \u00e0queles que recusem a vacina\u00e7\u00e3o.<\/h3>\n","protected":false},"excerpt":{"rendered":"<p>O Governo da Bahia publica no Di\u00e1rio Oficial do Estado, nesta quarta-feira (17), um decreto que exige a vacina\u00e7\u00e3o contra a Covid-19 dos servidores p\u00fablicos e empregados p\u00fablicos estaduais. De acordo com a decis\u00e3o, a recusa da imuniza\u00e7\u00e3o contra Covid-19, sem justa causa, \u00e9 pass\u00edvel de apura\u00e7\u00e3o de responsabilidade pelo n\u00e3o cumprimento de ordem superior. [&hellip;]<\/p>\n","protected":false},"author":2,"featured_media":0,"comment_status":"open","ping_status":"open","sticky":false,"template":"","format":"standard","meta":{"_links_to":"","_links_to_target":""},"categories":[1],"tags":[],"_links":{"self":[{"href":"https:\/\/www.blogdotarugao.com.br\/v1\/wp-json\/wp\/v2\/posts\/143343"}],"collection":[{"href":"https:\/\/www.blogdotarugao.com.br\/v1\/wp-json\/wp\/v2\/posts"}],"about":[{"href":"https:\/\/www.blogdotarugao.com.br\/v1\/wp-json\/wp\/v2\/types\/post"}],"author":[{"embeddable":true,"href":"https:\/\/www.blogdotarugao.com.br\/v1\/wp-json\/wp\/v2\/users\/2"}],"replies":[{"embeddable":true,"href":"https:\/\/www.blogdotarugao.com.br\/v1\/wp-json\/wp\/v2\/comments?post=143343"}],"version-history":[{"count":1,"href":"https:\/\/www.blogdotarugao.com.br\/v1\/wp-json\/wp\/v2\/posts\/143343\/revisions"}],"predecessor-version":[{"id":143345,"href":"https:\/\/www.blogdotarugao.com.br\/v1\/wp-json\/wp\/v2\/posts\/143343\/revisions\/143345"}],"wp:attachment":[{"href":"https:\/\/www.blogdotarugao.com.br\/v1\/wp-json\/wp\/v2\/media?parent=143343"}],"wp:term":[{"taxonomy":"category","embeddable":true,"href":"https:\/\/www.blogdotarugao.com.br\/v1\/wp-json\/wp\/v2\/categories?post=143343"},{"taxonomy":"post_tag","embeddable":true,"href":"https:\/\/www.blogdotarugao.com.br\/v1\/wp-json\/wp\/v2\/tags?post=143343"}],"curies":[{"name":"wp","href":"https:\/\/api.w.org\/{rel}","templated":true}]}}