{"id":143346,"date":"2021-11-18T08:32:34","date_gmt":"2021-11-18T11:32:34","guid":{"rendered":"http:\/\/www.blogdotarugao.com.br\/v1\/?p=143346"},"modified":"2021-11-18T08:46:27","modified_gmt":"2021-11-18T11:46:27","slug":"mp-instaura-procedimento-administrativo-para-acompanhar-os-casos-de-covid-19","status":"publish","type":"post","link":"https:\/\/www.blogdotarugao.com.br\/v1\/2021\/11\/18\/mp-instaura-procedimento-administrativo-para-acompanhar-os-casos-de-covid-19\/","title":{"rendered":"MP INSTAURA PROCEDIMENTO ADMINISTRATIVO PARA ACOMPANHAR OS CASOS DE COVID-19"},"content":{"rendered":"<h3><img loading=\"lazy\" class=\"alignleft\" src=\"https:\/\/www.ferias.tur.br\/imgs\/798\/macarani\/g_02g.JPG\" alt=\"MACARANI - MACARANI - BA\" width=\"581\" height=\"434\" \/><\/h3>\n<h3>O Promotor de Justi\u00e7a atuante em Macarani e Maiquinique, Millen Castro Medeiros de Moura, comunicou \u00e0 popula\u00e7\u00e3o que, devido ao aumento de casos de contamina\u00e7\u00e3o pelo v\u00edrus da COVID-19 no Munic\u00edpio de Maiquinique nos \u00faltimos 30 dias, instaurou PROCEDIMENTO ADMINISTRATIVO para acompanhar as medidas adotadas pelo Poder P\u00fablico Municipal quanto a essa situa\u00e7\u00e3o, inclusive agendou reuni\u00e3o com a Secretaria Municipal de Sa\u00fade para a quarta-feira, 17 de novembro.<\/h3>\n<h3>O Minist\u00e9rio P\u00fablico recorda que, al\u00e9m das provid\u00eancias pelas autoridades p\u00fablicas, faz-se importante a participa\u00e7\u00e3o ativa dos cidad\u00e3os no combate \u00e0 COVID, com respeito \u00e0s medidas sanit\u00e1rias, seja usando corretamente a m\u00e1scara, seja evitando aglomera\u00e7\u00f5es, seja vacinando-se.<\/h3>\n<p><span style=\"color: #0000ff;\">RK<\/span><\/p>\n","protected":false},"excerpt":{"rendered":"<p>O Promotor de Justi\u00e7a atuante em Macarani e Maiquinique, Millen Castro Medeiros de Moura, comunicou \u00e0 popula\u00e7\u00e3o que, devido ao aumento de casos de contamina\u00e7\u00e3o pelo v\u00edrus da COVID-19 no Munic\u00edpio de Maiquinique nos \u00faltimos 30 dias, instaurou PROCEDIMENTO ADMINISTRATIVO para acompanhar as medidas adotadas pelo Poder P\u00fablico Municipal quanto a essa situa\u00e7\u00e3o, inclusive agendou [&hellip;]<\/p>\n","protected":false},"author":2,"featured_media":0,"comment_status":"open","ping_status":"open","sticky":false,"template":"","format":"standard","meta":{"_links_to":"","_links_to_target":""},"categories":[1],"tags":[],"_links":{"self":[{"href":"https:\/\/www.blogdotarugao.com.br\/v1\/wp-json\/wp\/v2\/posts\/143346"}],"collection":[{"href":"https:\/\/www.blogdotarugao.com.br\/v1\/wp-json\/wp\/v2\/posts"}],"about":[{"href":"https:\/\/www.blogdotarugao.com.br\/v1\/wp-json\/wp\/v2\/types\/post"}],"author":[{"embeddable":true,"href":"https:\/\/www.blogdotarugao.com.br\/v1\/wp-json\/wp\/v2\/users\/2"}],"replies":[{"embeddable":true,"href":"https:\/\/www.blogdotarugao.com.br\/v1\/wp-json\/wp\/v2\/comments?post=143346"}],"version-history":[{"count":3,"href":"https:\/\/www.blogdotarugao.com.br\/v1\/wp-json\/wp\/v2\/posts\/143346\/revisions"}],"predecessor-version":[{"id":143350,"href":"https:\/\/www.blogdotarugao.com.br\/v1\/wp-json\/wp\/v2\/posts\/143346\/revisions\/143350"}],"wp:attachment":[{"href":"https:\/\/www.blogdotarugao.com.br\/v1\/wp-json\/wp\/v2\/media?parent=143346"}],"wp:term":[{"taxonomy":"category","embeddable":true,"href":"https:\/\/www.blogdotarugao.com.br\/v1\/wp-json\/wp\/v2\/categories?post=143346"},{"taxonomy":"post_tag","embeddable":true,"href":"https:\/\/www.blogdotarugao.com.br\/v1\/wp-json\/wp\/v2\/tags?post=143346"}],"curies":[{"name":"wp","href":"https:\/\/api.w.org\/{rel}","templated":true}]}}