{"id":143373,"date":"2021-11-18T21:32:47","date_gmt":"2021-11-19T00:32:47","guid":{"rendered":"http:\/\/www.blogdotarugao.com.br\/v1\/?p=143373"},"modified":"2021-11-18T21:32:47","modified_gmt":"2021-11-19T00:32:47","slug":"prf-e-policia-civil-desarticulam-quadrilha-especializada-em-furtar-gados-de-propriedades-rurais-na-bahia","status":"publish","type":"post","link":"https:\/\/www.blogdotarugao.com.br\/v1\/2021\/11\/18\/prf-e-policia-civil-desarticulam-quadrilha-especializada-em-furtar-gados-de-propriedades-rurais-na-bahia\/","title":{"rendered":"PRF E POL\u00cdCIA CIVIL DESARTICULAM QUADRILHA ESPECIALIZADA EM FURTAR GADOS DE PROPRIEDADES RURAIS NA BAHIA"},"content":{"rendered":"<h3><img loading=\"lazy\" class=\"alignleft\" src=\"https:\/\/static.blogdaresenhageral.com.br\/wp-content\/uploads\/2021\/11\/18170300\/Capturar-2.png\" width=\"580\" height=\"393\" \/><\/h3>\n<h3>Em a\u00e7\u00e3o conjunta, a Pol\u00edcia Rodovi\u00e1ria Federal (PRF) e a Pol\u00edcia Civil da Bahia deflagraram na manh\u00e3 de hoje (18), a \u2018Opera\u00e7\u00e3o Porteira Fechada\u2019. O objetivo da a\u00e7\u00e3o \u00e9 combater uma organiza\u00e7\u00e3o criminosa especializada em furtar animais de carga e abate, em campos e fazendas, crime de abigeato.<\/h3>\n<h3>Os suspeitos atuavam h\u00e1 mais de 10 anos furtando gado em diversas cidades baianas a exemplo de Barreiras, Ibotirama, Seabra, Baixa Grande, Ipir\u00e1, Inhambupe, Pedr\u00e3o, Serrinha e Feira de Santana. Investiga\u00e7\u00f5es demonstram que o grupo criminoso lucrava muito com os furtos praticados, uma das propriedades \u00e9 avaliada em mais de cinco milh\u00f5es.\u00a0 Al\u00e9m disso, tr\u00eas ve\u00edculos de luxo foram apreendidos, duas hilux e uma amarok.<\/h3>\n<h3>Na ocasi\u00e3o, foram cumpridos nove mandados de busca e apreens\u00e3o,\u00a0 nas cidades de Salvador (BA), Valen\u00e7a (BA), Concei\u00e7\u00e3o do Jacu\u00edpe (BA) e Feira de Santana (BA). Houve o cumprimento tamb\u00e9m de um dos tr\u00eas mandados de pris\u00e3o decretados em Feira de Santana (BA), tendo em vista que dois dos suspeitos j\u00e1 se encontravam presos.Para informa\u00e7\u00f5es, den\u00fancias, comunica\u00e7\u00e3o de crimes e acidentes a PRF disp\u00f5e do n\u00famero de emerg\u00eancia 191. A liga\u00e7\u00e3o \u00e9 gratuita e atende 24 horas em qualquer parte do Pa\u00eds.<\/h3>\n<p><span style=\"color: #0000ff;\">RK<\/span><\/p>\n","protected":false},"excerpt":{"rendered":"<p>Em a\u00e7\u00e3o conjunta, a Pol\u00edcia Rodovi\u00e1ria Federal (PRF) e a Pol\u00edcia Civil da Bahia deflagraram na manh\u00e3 de hoje (18), a \u2018Opera\u00e7\u00e3o Porteira Fechada\u2019. O objetivo da a\u00e7\u00e3o \u00e9 combater uma organiza\u00e7\u00e3o criminosa especializada em furtar animais de carga e abate, em campos e fazendas, crime de abigeato. Os suspeitos atuavam h\u00e1 mais de 10 [&hellip;]<\/p>\n","protected":false},"author":2,"featured_media":0,"comment_status":"open","ping_status":"open","sticky":false,"template":"","format":"standard","meta":{"_links_to":"","_links_to_target":""},"categories":[1],"tags":[],"_links":{"self":[{"href":"https:\/\/www.blogdotarugao.com.br\/v1\/wp-json\/wp\/v2\/posts\/143373"}],"collection":[{"href":"https:\/\/www.blogdotarugao.com.br\/v1\/wp-json\/wp\/v2\/posts"}],"about":[{"href":"https:\/\/www.blogdotarugao.com.br\/v1\/wp-json\/wp\/v2\/types\/post"}],"author":[{"embeddable":true,"href":"https:\/\/www.blogdotarugao.com.br\/v1\/wp-json\/wp\/v2\/users\/2"}],"replies":[{"embeddable":true,"href":"https:\/\/www.blogdotarugao.com.br\/v1\/wp-json\/wp\/v2\/comments?post=143373"}],"version-history":[{"count":1,"href":"https:\/\/www.blogdotarugao.com.br\/v1\/wp-json\/wp\/v2\/posts\/143373\/revisions"}],"predecessor-version":[{"id":143374,"href":"https:\/\/www.blogdotarugao.com.br\/v1\/wp-json\/wp\/v2\/posts\/143373\/revisions\/143374"}],"wp:attachment":[{"href":"https:\/\/www.blogdotarugao.com.br\/v1\/wp-json\/wp\/v2\/media?parent=143373"}],"wp:term":[{"taxonomy":"category","embeddable":true,"href":"https:\/\/www.blogdotarugao.com.br\/v1\/wp-json\/wp\/v2\/categories?post=143373"},{"taxonomy":"post_tag","embeddable":true,"href":"https:\/\/www.blogdotarugao.com.br\/v1\/wp-json\/wp\/v2\/tags?post=143373"}],"curies":[{"name":"wp","href":"https:\/\/api.w.org\/{rel}","templated":true}]}}