{"id":143460,"date":"2021-11-22T08:05:30","date_gmt":"2021-11-22T11:05:30","guid":{"rendered":"https:\/\/www.blogdotarugao.com.br\/v1\/?p=143460"},"modified":"2021-11-22T08:05:30","modified_gmt":"2021-11-22T11:05:30","slug":"defensoria-publica-da-bahia-lanca-dicionario-contra-o-uso-de-expressoes-racistas","status":"publish","type":"post","link":"https:\/\/www.blogdotarugao.com.br\/v1\/2021\/11\/22\/defensoria-publica-da-bahia-lanca-dicionario-contra-o-uso-de-expressoes-racistas\/","title":{"rendered":"DEFENSORIA P\u00daBLICA DA BAHIA LAN\u00c7A DICION\u00c1RIO CONTRA O USO DE EXPRESS\u00d5ES RACISTAS"},"content":{"rendered":"<h3><img loading=\"lazy\" class=\"wp-image-143461 alignleft\" src=\"http:\/\/www.blogdotarugao.com.br\/v1\/wp-content\/uploads\/2021\/11\/A1-13.jpg\" alt=\"\" width=\"585\" height=\"329\" \/>A Defensoria P\u00fablica da Bahia lan\u00e7ou, em celebra\u00e7\u00e3o ao Dia da Consci\u00eancia Negra, um dicion\u00e1rio onde explica o uso de express\u00f5es racistas e faz um trabalho de conscientiza\u00e7\u00e3o contra o uso dessas frases.<\/h3>\n<h3>A publica\u00e7\u00e3o chamada Express\u00f5es Racistas do Cotidiano faz parte da s\u00e9rie j\u00e1 realizada pelo \u00f3rg\u00e3o nas suas redes sociais.<\/h3>\n<h3>O lan\u00e7amento ocorreu neste 20 de novembro. Para a coordenadora da Especializada de Direitos Humanos da Defensoria, Eva Rodrigues, que participou da organiza\u00e7\u00e3o do material, como o racismo afeta as pessoas negras de diferentes formas e em diferentes graus, o enfrentamento deve ser feito tamb\u00e9m em diversas frentes, a exemplo da publica\u00e7\u00e3o.<\/h3>\n<h3>\u201cO dicion\u00e1rio antirracista re\u00fane diversas express\u00f5es comumente ditas pela popula\u00e7\u00e3o, de forma intencional ou n\u00e3o, que s\u00e3o fruto de uma constru\u00e7\u00e3o racista, ancorada no passado escravagista brasileiro. O que as pessoas muitas vezes n\u00e3o percebem \u00e9 que estas microagress\u00f5es afetam diretamente o povo negro, rebaixam sua autoestima e colocam as pessoas negras num lugar de inferioridade moral, est\u00e9tica, social e intelectual frente \u00e0s pessoas brancas, que seguem intocadas em seus privil\u00e9gios\u201d, destaca Eva Rodrigues.<\/h3>\n","protected":false},"excerpt":{"rendered":"<p>A Defensoria P\u00fablica da Bahia lan\u00e7ou, em celebra\u00e7\u00e3o ao Dia da Consci\u00eancia Negra, um dicion\u00e1rio onde explica o uso de express\u00f5es racistas e faz um trabalho de conscientiza\u00e7\u00e3o contra o uso dessas frases. A publica\u00e7\u00e3o chamada Express\u00f5es Racistas do Cotidiano faz parte da s\u00e9rie j\u00e1 realizada pelo \u00f3rg\u00e3o nas suas redes sociais. O lan\u00e7amento ocorreu [&hellip;]<\/p>\n","protected":false},"author":2,"featured_media":0,"comment_status":"open","ping_status":"open","sticky":false,"template":"","format":"standard","meta":{"_links_to":"","_links_to_target":""},"categories":[1],"tags":[],"_links":{"self":[{"href":"https:\/\/www.blogdotarugao.com.br\/v1\/wp-json\/wp\/v2\/posts\/143460"}],"collection":[{"href":"https:\/\/www.blogdotarugao.com.br\/v1\/wp-json\/wp\/v2\/posts"}],"about":[{"href":"https:\/\/www.blogdotarugao.com.br\/v1\/wp-json\/wp\/v2\/types\/post"}],"author":[{"embeddable":true,"href":"https:\/\/www.blogdotarugao.com.br\/v1\/wp-json\/wp\/v2\/users\/2"}],"replies":[{"embeddable":true,"href":"https:\/\/www.blogdotarugao.com.br\/v1\/wp-json\/wp\/v2\/comments?post=143460"}],"version-history":[{"count":1,"href":"https:\/\/www.blogdotarugao.com.br\/v1\/wp-json\/wp\/v2\/posts\/143460\/revisions"}],"predecessor-version":[{"id":143462,"href":"https:\/\/www.blogdotarugao.com.br\/v1\/wp-json\/wp\/v2\/posts\/143460\/revisions\/143462"}],"wp:attachment":[{"href":"https:\/\/www.blogdotarugao.com.br\/v1\/wp-json\/wp\/v2\/media?parent=143460"}],"wp:term":[{"taxonomy":"category","embeddable":true,"href":"https:\/\/www.blogdotarugao.com.br\/v1\/wp-json\/wp\/v2\/categories?post=143460"},{"taxonomy":"post_tag","embeddable":true,"href":"https:\/\/www.blogdotarugao.com.br\/v1\/wp-json\/wp\/v2\/tags?post=143460"}],"curies":[{"name":"wp","href":"https:\/\/api.w.org\/{rel}","templated":true}]}}