{"id":143478,"date":"2021-11-23T05:46:26","date_gmt":"2021-11-23T08:46:26","guid":{"rendered":"https:\/\/www.blogdotarugao.com.br\/v1\/?p=143478"},"modified":"2021-11-23T05:46:26","modified_gmt":"2021-11-23T08:46:26","slug":"sindicato-dos-medicos-se-posiciona-contrario-a-realizacao-do-carnaval-em-2022","status":"publish","type":"post","link":"https:\/\/www.blogdotarugao.com.br\/v1\/2021\/11\/23\/sindicato-dos-medicos-se-posiciona-contrario-a-realizacao-do-carnaval-em-2022\/","title":{"rendered":"SINDICATO DOS M\u00c9DICOS SE POSICIONA CONTR\u00c1RIO A REALIZA\u00c7\u00c3O DO CARNAVAL EM 2022"},"content":{"rendered":"<h3><img loading=\"lazy\" class=\"wp-image-143479 alignleft\" src=\"http:\/\/www.blogdotarugao.com.br\/v1\/wp-content\/uploads\/2021\/11\/A1-16.jpg\" alt=\"\" width=\"584\" height=\"292\" \/>Em meio \u00e0 pol\u00eamica sobre a realiza\u00e7\u00e3o do Carnaval 2022, o Sindicato dos M\u00e9dicos da Bahia emitiu uma nota se mostrando contr\u00e1rio a realiza\u00e7\u00e3o do evento no pr\u00f3ximo ano, por conta da possibilidade de aumento nos casos da Covid-19.<\/h3>\n<h3>No \u00faltimo domingo (21), um grupo de trabalhadores ligados ao entretenimento realizou uma manifesta\u00e7\u00e3o\u00a0pr\u00f3-carnaval\u00a0em 2022. A decis\u00e3o ainda n\u00e3o foi tomada pelo governador Rui Costa (PT) e pelo prefeito Bruno Reis (DEM), que devem se reunir ainda nesta semana.<\/h3>\n<h3><strong><span style=\"color: #0000ff;\">Confira trecho da nota<\/span>:<\/strong><\/h3>\n<h3><em>\u201cNos \u00faltimos dois anos, infelizmente, todos perderam muitas pessoas pr\u00f3ximas. A classe amargou a morte de muitos colegas profissionais e m\u00e9dicos com comorbidades continuam mantidos na linha de frente da Covid-19.<\/em><\/h3>\n<h3><em>O n\u00edvel de propaga\u00e7\u00e3o da doen\u00e7a voltou a crescer em pa\u00edses da Europa. Isso ainda pode ocorrer no Brasil. O Sindimed considera que a realiza\u00e7\u00e3o do Carnaval contribuiria para agravar a situa\u00e7\u00e3o de transmiss\u00e3o e assim o cen\u00e1rio voltaria a piorar dramaticamente na Bahia.<\/em><\/h3>\n<h3><em>Um outro fato que preocupa a categoria \u00e9 que, havendo um novo avan\u00e7o da Covid, poder\u00e1 voltar a ocorrer o retardo verificado anteriormente, durante a pandemia, nos diversos tratamentos de pacientes com doen\u00e7as cr\u00f4nicas tais como diabetes, hipertens\u00e3o, obesidade e c\u00e2ncer\u201d.<\/em><\/h3>\n","protected":false},"excerpt":{"rendered":"<p>Em meio \u00e0 pol\u00eamica sobre a realiza\u00e7\u00e3o do Carnaval 2022, o Sindicato dos M\u00e9dicos da Bahia emitiu uma nota se mostrando contr\u00e1rio a realiza\u00e7\u00e3o do evento no pr\u00f3ximo ano, por conta da possibilidade de aumento nos casos da Covid-19. No \u00faltimo domingo (21), um grupo de trabalhadores ligados ao entretenimento realizou uma manifesta\u00e7\u00e3o\u00a0pr\u00f3-carnaval\u00a0em 2022. A [&hellip;]<\/p>\n","protected":false},"author":2,"featured_media":0,"comment_status":"open","ping_status":"open","sticky":false,"template":"","format":"standard","meta":{"_links_to":"","_links_to_target":""},"categories":[1],"tags":[],"_links":{"self":[{"href":"https:\/\/www.blogdotarugao.com.br\/v1\/wp-json\/wp\/v2\/posts\/143478"}],"collection":[{"href":"https:\/\/www.blogdotarugao.com.br\/v1\/wp-json\/wp\/v2\/posts"}],"about":[{"href":"https:\/\/www.blogdotarugao.com.br\/v1\/wp-json\/wp\/v2\/types\/post"}],"author":[{"embeddable":true,"href":"https:\/\/www.blogdotarugao.com.br\/v1\/wp-json\/wp\/v2\/users\/2"}],"replies":[{"embeddable":true,"href":"https:\/\/www.blogdotarugao.com.br\/v1\/wp-json\/wp\/v2\/comments?post=143478"}],"version-history":[{"count":1,"href":"https:\/\/www.blogdotarugao.com.br\/v1\/wp-json\/wp\/v2\/posts\/143478\/revisions"}],"predecessor-version":[{"id":143480,"href":"https:\/\/www.blogdotarugao.com.br\/v1\/wp-json\/wp\/v2\/posts\/143478\/revisions\/143480"}],"wp:attachment":[{"href":"https:\/\/www.blogdotarugao.com.br\/v1\/wp-json\/wp\/v2\/media?parent=143478"}],"wp:term":[{"taxonomy":"category","embeddable":true,"href":"https:\/\/www.blogdotarugao.com.br\/v1\/wp-json\/wp\/v2\/categories?post=143478"},{"taxonomy":"post_tag","embeddable":true,"href":"https:\/\/www.blogdotarugao.com.br\/v1\/wp-json\/wp\/v2\/tags?post=143478"}],"curies":[{"name":"wp","href":"https:\/\/api.w.org\/{rel}","templated":true}]}}