{"id":143520,"date":"2021-11-24T05:44:23","date_gmt":"2021-11-24T08:44:23","guid":{"rendered":"https:\/\/www.blogdotarugao.com.br\/v1\/?p=143520"},"modified":"2021-11-24T05:44:23","modified_gmt":"2021-11-24T08:44:23","slug":"pacientes-sao-transferidos-apos-surto-de-covid-19-na-emergencia-do-roberto-santos","status":"publish","type":"post","link":"https:\/\/www.blogdotarugao.com.br\/v1\/2021\/11\/24\/pacientes-sao-transferidos-apos-surto-de-covid-19-na-emergencia-do-roberto-santos\/","title":{"rendered":"PACIENTES S\u00c3O TRANSFERIDOS AP\u00d3S SURTO DE COVID-19 NA EMERG\u00caNCIA DO ROBERTO SANTOS"},"content":{"rendered":"<h3 class=\"content-textcontainer\"><img loading=\"lazy\" class=\"wp-image-143521 alignleft\" src=\"http:\/\/www.blogdotarugao.com.br\/v1\/wp-content\/uploads\/2021\/11\/A12-2.jpg\" alt=\"\" width=\"584\" height=\"292\" \/>Foi registrado um surto de Covid-19 na semana passada, na emerg\u00eancia do Hospital Geral Roberto Santos, em Salvador. As informa\u00e7\u00f5es foram confirmadas ao\u00a0<a href=\"https:\/\/www.varelanet.com.br\/\"><b>Varela Net<\/b><\/a>\u00a0nesta segunda-feira (22), pela Secretaria da Sa\u00fade do Estado da Bahia (Sesab).<\/h3>\n<h3 class=\"content-textcontainer\">De acordo com a Sesab, o surto aconteceu na quinta-feira (18) e \u201ctodas as medidas de conten\u00e7\u00e3o foram feitas para que n\u00e3o houvesse espalhamento do v\u00edrus nos demais setores do hospital. Ao todo nove pacientes testaram positivo para a doen\u00e7a. Eles foram transferidos para unidades de refer\u00eancia para a Covid-19\u201d, informou.<\/h3>\n<h3>H\u00e1 suspeitas que funcion\u00e1rios do hospital tamb\u00e9m possam ter se contaminado.<\/h3>\n","protected":false},"excerpt":{"rendered":"<p>Foi registrado um surto de Covid-19 na semana passada, na emerg\u00eancia do Hospital Geral Roberto Santos, em Salvador. As informa\u00e7\u00f5es foram confirmadas ao\u00a0Varela Net\u00a0nesta segunda-feira (22), pela Secretaria da Sa\u00fade do Estado da Bahia (Sesab). De acordo com a Sesab, o surto aconteceu na quinta-feira (18) e \u201ctodas as medidas de conten\u00e7\u00e3o foram feitas para [&hellip;]<\/p>\n","protected":false},"author":2,"featured_media":0,"comment_status":"open","ping_status":"open","sticky":false,"template":"","format":"standard","meta":{"_links_to":"","_links_to_target":""},"categories":[1],"tags":[],"_links":{"self":[{"href":"https:\/\/www.blogdotarugao.com.br\/v1\/wp-json\/wp\/v2\/posts\/143520"}],"collection":[{"href":"https:\/\/www.blogdotarugao.com.br\/v1\/wp-json\/wp\/v2\/posts"}],"about":[{"href":"https:\/\/www.blogdotarugao.com.br\/v1\/wp-json\/wp\/v2\/types\/post"}],"author":[{"embeddable":true,"href":"https:\/\/www.blogdotarugao.com.br\/v1\/wp-json\/wp\/v2\/users\/2"}],"replies":[{"embeddable":true,"href":"https:\/\/www.blogdotarugao.com.br\/v1\/wp-json\/wp\/v2\/comments?post=143520"}],"version-history":[{"count":1,"href":"https:\/\/www.blogdotarugao.com.br\/v1\/wp-json\/wp\/v2\/posts\/143520\/revisions"}],"predecessor-version":[{"id":143522,"href":"https:\/\/www.blogdotarugao.com.br\/v1\/wp-json\/wp\/v2\/posts\/143520\/revisions\/143522"}],"wp:attachment":[{"href":"https:\/\/www.blogdotarugao.com.br\/v1\/wp-json\/wp\/v2\/media?parent=143520"}],"wp:term":[{"taxonomy":"category","embeddable":true,"href":"https:\/\/www.blogdotarugao.com.br\/v1\/wp-json\/wp\/v2\/categories?post=143520"},{"taxonomy":"post_tag","embeddable":true,"href":"https:\/\/www.blogdotarugao.com.br\/v1\/wp-json\/wp\/v2\/tags?post=143520"}],"curies":[{"name":"wp","href":"https:\/\/api.w.org\/{rel}","templated":true}]}}