{"id":143526,"date":"2021-11-24T06:10:08","date_gmt":"2021-11-24T09:10:08","guid":{"rendered":"http:\/\/www.blogdotarugao.com.br\/v1\/?p=143526"},"modified":"2021-11-24T06:10:08","modified_gmt":"2021-11-24T09:10:08","slug":"senador-volta-atras-e-desiste-de-feriado-nacional-para-santa-dulce-projeto-agora-preve-criacao-de-dia-nacional-da-religiosa","status":"publish","type":"post","link":"https:\/\/www.blogdotarugao.com.br\/v1\/2021\/11\/24\/senador-volta-atras-e-desiste-de-feriado-nacional-para-santa-dulce-projeto-agora-preve-criacao-de-dia-nacional-da-religiosa\/","title":{"rendered":"SENADOR VOLTA ATR\u00c1S E DESISTE DE FERIADO NACIONAL PARA SANTA DULCE; PROJETO AGORA PREV\u00ca CRIA\u00c7\u00c3O DE DIA NACIONAL DA RELIGIOSA"},"content":{"rendered":"<div class=\"mc-column content-text active-extra-styles \" data-block-type=\"unstyled\" data-block-weight=\"25\" data-block-id=\"2\">\n<h3 data-track-category=\"Link no Texto\"><img loading=\"lazy\" class=\"\" src=\"https:\/\/s2.glbimg.com\/fds2HV5bBpGqkIek-cctJaTYP5U=\/0x0:4032x3024\/984x0\/smart\/filters:strip_icc()\/i.s3.glbimg.com\/v1\/AUTH_59edd422c0c84a879bd37670ae4f538a\/internal_photos\/bs\/2019\/Z\/n\/1SbjAMQ3eR4zZqXAsAfQ\/img-4229.jpg\" alt=\"Senador volta atr\u00e1s e desiste de feriado nacional para Santa Dulce dos Pobres \u2014 Foto: Phael Fernandes \/ G1 BA\" width=\"581\" height=\"436\" \/><\/h3>\n<h3 class=\"content-text__container \" data-track-category=\"Link no Texto\">Ap\u00f3s a\u00a0<a href=\"https:\/\/g1.globo.com\/ba\/bahia\/noticia\/2021\/11\/22\/senado-aprova-novo-feriado-nacional-em-homenagem-a-irma-dulce-projeto-vai-para-camara.ghtml\">aprova\u00e7\u00e3o do projeto no Senado que previa um feriado nacional<\/a>, o senador baiano \u00c2ngelo Coronel voltou atr\u00e1s e decidiu mudar a proposi\u00e7\u00e3o.<\/h3>\n<\/div>\n<div class=\"wall protected-content\">\n<p class=\"content-text__container \" data-track-category=\"Link no Texto\" data-track-links=\"\">Com a decis\u00e3o, o projeto em homenagem \u00e0 Santa Dulce dos Pobres deixa de propor um feriado nacional e prop\u00f5e apenas um dia nacional. A data da homenagem tamb\u00e9m foi modificada.<\/p>\n<p class=\"content-text__container \" data-track-category=\"Link no Texto\" data-track-links=\"\">De acordo com o Senado, o parlamentar decidiu fazer as mudan\u00e7as no projeto para evitar impactos econ\u00f4micos de um novo feriado no pa\u00eds, al\u00e9m de minimizar as poss\u00edveis dificuldades na aprova\u00e7\u00e3o da iniciativa.<\/p>\n<div class=\"mc-column content-text active-extra-styles \" data-block-type=\"unstyled\" data-block-weight=\"48\" data-block-id=\"5\">\n<h3 class=\"content-text__container \" data-track-category=\"Link no Texto\">Com a mudan\u00e7a, o dia 13 de agosto, e n\u00e3o mais 13 de mar\u00e7o, passa a ser o Dia Nacional da Santa Dulce dos Pobres, desde que seja aprovado na C\u00e2mara. A data foi escolhida porque j\u00e1 \u00e9 tradicionalmente o dia de homenagens \u00e0 Santa Dulce na Bahia.<\/h3>\n<p data-track-category=\"Link no Texto\" data-track-links=\"\"><span style=\"color: #0000ff;\">RK<\/span><\/p>\n<\/div>\n<\/div>\n","protected":false},"excerpt":{"rendered":"<p>Ap\u00f3s a\u00a0aprova\u00e7\u00e3o do projeto no Senado que previa um feriado nacional, o senador baiano \u00c2ngelo Coronel voltou atr\u00e1s e decidiu mudar a proposi\u00e7\u00e3o. Com a decis\u00e3o, o projeto em homenagem \u00e0 Santa Dulce dos Pobres deixa de propor um feriado nacional e prop\u00f5e apenas um dia nacional. A data da homenagem tamb\u00e9m foi modificada. De [&hellip;]<\/p>\n","protected":false},"author":2,"featured_media":0,"comment_status":"open","ping_status":"open","sticky":false,"template":"","format":"standard","meta":{"_links_to":"","_links_to_target":""},"categories":[1],"tags":[],"_links":{"self":[{"href":"https:\/\/www.blogdotarugao.com.br\/v1\/wp-json\/wp\/v2\/posts\/143526"}],"collection":[{"href":"https:\/\/www.blogdotarugao.com.br\/v1\/wp-json\/wp\/v2\/posts"}],"about":[{"href":"https:\/\/www.blogdotarugao.com.br\/v1\/wp-json\/wp\/v2\/types\/post"}],"author":[{"embeddable":true,"href":"https:\/\/www.blogdotarugao.com.br\/v1\/wp-json\/wp\/v2\/users\/2"}],"replies":[{"embeddable":true,"href":"https:\/\/www.blogdotarugao.com.br\/v1\/wp-json\/wp\/v2\/comments?post=143526"}],"version-history":[{"count":1,"href":"https:\/\/www.blogdotarugao.com.br\/v1\/wp-json\/wp\/v2\/posts\/143526\/revisions"}],"predecessor-version":[{"id":143527,"href":"https:\/\/www.blogdotarugao.com.br\/v1\/wp-json\/wp\/v2\/posts\/143526\/revisions\/143527"}],"wp:attachment":[{"href":"https:\/\/www.blogdotarugao.com.br\/v1\/wp-json\/wp\/v2\/media?parent=143526"}],"wp:term":[{"taxonomy":"category","embeddable":true,"href":"https:\/\/www.blogdotarugao.com.br\/v1\/wp-json\/wp\/v2\/categories?post=143526"},{"taxonomy":"post_tag","embeddable":true,"href":"https:\/\/www.blogdotarugao.com.br\/v1\/wp-json\/wp\/v2\/tags?post=143526"}],"curies":[{"name":"wp","href":"https:\/\/api.w.org\/{rel}","templated":true}]}}