{"id":143575,"date":"2021-11-25T07:00:54","date_gmt":"2021-11-25T10:00:54","guid":{"rendered":"https:\/\/www.blogdotarugao.com.br\/v1\/?p=143575"},"modified":"2021-11-25T07:00:54","modified_gmt":"2021-11-25T10:00:54","slug":"caso-arquivado-ministerio-publico-isenta-pastor-evandro-no-caso-das-diarias","status":"publish","type":"post","link":"https:\/\/www.blogdotarugao.com.br\/v1\/2021\/11\/25\/caso-arquivado-ministerio-publico-isenta-pastor-evandro-no-caso-das-diarias\/","title":{"rendered":"CASO ARQUIVADO! MINIST\u00c9RIO P\u00daBLICO ISENTA PASTOR EVANDRO NO CASO DAS DI\u00c1RIAS"},"content":{"rendered":"<h3><img loading=\"lazy\" class=\"wp-image-143577 alignleft\" src=\"http:\/\/www.blogdotarugao.com.br\/v1\/wp-content\/uploads\/2021\/11\/A1-20.jpg\" alt=\"\" width=\"585\" height=\"496\" \/>Em an\u00e1lise a uma\u00a0<em>\u2018den\u00fancia an\u00f4nima\u2019<\/em>\u00a0sobre o suposto uso indevido de di\u00e1rias para viagem pelo vereador Pastor Evandro (PSD), o Minist\u00e9rio P\u00fablico Estadual, atrav\u00e9s da promotoria local, decidiu pelo arquivamento definitivo do caso, por n\u00e3o encontrar nenhuma prova ou vest\u00edgio de m\u00e1-f\u00e9 por parte do edil.<\/h3>\n<h3>A maliciosa den\u00fancia teve ampla repercuss\u00e3o em blogs e redes sociais, colocando em xeque a lisura do atuante parlamentar, visando apenas comprometer o seu bom nome e manchar a sua conduta como cidad\u00e3o \u00edntegro e religioso da nossa sociedade, por mera persegui\u00e7\u00e3o pol\u00edtica eleitoreira, sem qualquer fundamento ou base legal.<\/h3>\n<h3>Assim, o Minist\u00e9rio P\u00fablico acatou os argumentos da defesa do Pastor Evandro, ao verificar a total aus\u00eancia de dolo (fraude) por parte do agente, e optou pelo arquivamento definitivo do caso, na forma abaixo descrita:<\/h3>\n<h3><a class=\"cboxElement fancybox image\" title=\"CASO ARQUIVADO! MINIST\u00c9RIO P\u00daBLICO ISENTA PASTOR EVANDRO NO CASO DAS DI\u00c1RIAS\" href=\"https:\/\/www.sudoestehoje.com.br\/novoportal\/wp-content\/uploads\/2021\/11\/WhatsApp-Image-2021-11-24-at-17.34.50.jpeg\" class=\"gallery_colorbox\" rel=\"lightbox[98495]\"><img loading=\"lazy\" class=\"aligncenter size-medium wp-image-98504\" src=\"https:\/\/www.sudoestehoje.com.br\/novoportal\/wp-content\/uploads\/2021\/11\/WhatsApp-Image-2021-11-24-at-17.34.50-500x119.jpeg\"  sizes=\"(max-width: 500px) 100vw, 500px\" srcset=\"https:\/\/www.sudoestehoje.com.br\/novoportal\/wp-content\/uploads\/2021\/11\/WhatsApp-Image-2021-11-24-at-17.34.50-500x119.jpeg 500w, https:\/\/www.sudoestehoje.com.br\/novoportal\/wp-content\/uploads\/2021\/11\/WhatsApp-Image-2021-11-24-at-17.34.50-700x166.jpeg 700w, https:\/\/www.sudoestehoje.com.br\/novoportal\/wp-content\/uploads\/2021\/11\/WhatsApp-Image-2021-11-24-at-17.34.50-768x182.jpeg 768w, https:\/\/www.sudoestehoje.com.br\/novoportal\/wp-content\/uploads\/2021\/11\/WhatsApp-Image-2021-11-24-at-17.34.50-1536x364.jpeg 1536w, https:\/\/www.sudoestehoje.com.br\/novoportal\/wp-content\/uploads\/2021\/11\/WhatsApp-Image-2021-11-24-at-17.34.50.jpeg 1585w\" alt=\"\" width=\"500\" height=\"119\" \/><\/a><\/h3>\n<h3>O MP verificou tamb\u00e9m que a concess\u00e3o das di\u00e1rias e a sua presta\u00e7\u00e3o de contas na tesouraria da C\u00e2mara de Vereadores foi totalmente regular,\u00a0<em>\u201cpela aus\u00eancia de dolo do agente em causar dano ao patrim\u00f4nio p\u00fablico ou em locupletar-se ilicitamente dos recursos p\u00fablicos\u201d<\/em>, concluiu o MP em sua decis\u00e3o.<\/h3>\n<h3>Em contato com o Sudoeste Hoje, o vereador Pastor Evandro externou a sua indigna\u00e7\u00e3o pelas publica\u00e7\u00f5es inver\u00eddicas e maldosas por parte de alguns meios de imprensa locais, que mesmo sem provas e investiga\u00e7\u00e3o conclusiva do Minist\u00e9rio Publico, o crucificaram, execrando-o publicamente.<\/h3>\n<h3>Diante da comprova\u00e7\u00e3o da sua inoc\u00eancia, o vereador dever\u00e1 buscar na justi\u00e7a a repara\u00e7\u00e3o devida pelos danos causados \u00e0 sua honra e dignidade, contra os supostos autores e divulgadores da malfadada den\u00fancia.<\/h3>\n<h3><strong><em>Por Davi Ferraz\u00a0<\/em><\/strong><\/h3>\n","protected":false},"excerpt":{"rendered":"<p>Em an\u00e1lise a uma\u00a0\u2018den\u00fancia an\u00f4nima\u2019\u00a0sobre o suposto uso indevido de di\u00e1rias para viagem pelo vereador Pastor Evandro (PSD), o Minist\u00e9rio P\u00fablico Estadual, atrav\u00e9s da promotoria local, decidiu pelo arquivamento definitivo do caso, por n\u00e3o encontrar nenhuma prova ou vest\u00edgio de m\u00e1-f\u00e9 por parte do edil. A maliciosa den\u00fancia teve ampla repercuss\u00e3o em blogs e redes [&hellip;]<\/p>\n","protected":false},"author":2,"featured_media":0,"comment_status":"open","ping_status":"open","sticky":false,"template":"","format":"standard","meta":{"_links_to":"","_links_to_target":""},"categories":[1],"tags":[],"_links":{"self":[{"href":"https:\/\/www.blogdotarugao.com.br\/v1\/wp-json\/wp\/v2\/posts\/143575"}],"collection":[{"href":"https:\/\/www.blogdotarugao.com.br\/v1\/wp-json\/wp\/v2\/posts"}],"about":[{"href":"https:\/\/www.blogdotarugao.com.br\/v1\/wp-json\/wp\/v2\/types\/post"}],"author":[{"embeddable":true,"href":"https:\/\/www.blogdotarugao.com.br\/v1\/wp-json\/wp\/v2\/users\/2"}],"replies":[{"embeddable":true,"href":"https:\/\/www.blogdotarugao.com.br\/v1\/wp-json\/wp\/v2\/comments?post=143575"}],"version-history":[{"count":1,"href":"https:\/\/www.blogdotarugao.com.br\/v1\/wp-json\/wp\/v2\/posts\/143575\/revisions"}],"predecessor-version":[{"id":143578,"href":"https:\/\/www.blogdotarugao.com.br\/v1\/wp-json\/wp\/v2\/posts\/143575\/revisions\/143578"}],"wp:attachment":[{"href":"https:\/\/www.blogdotarugao.com.br\/v1\/wp-json\/wp\/v2\/media?parent=143575"}],"wp:term":[{"taxonomy":"category","embeddable":true,"href":"https:\/\/www.blogdotarugao.com.br\/v1\/wp-json\/wp\/v2\/categories?post=143575"},{"taxonomy":"post_tag","embeddable":true,"href":"https:\/\/www.blogdotarugao.com.br\/v1\/wp-json\/wp\/v2\/tags?post=143575"}],"curies":[{"name":"wp","href":"https:\/\/api.w.org\/{rel}","templated":true}]}}