{"id":143615,"date":"2021-11-26T20:40:09","date_gmt":"2021-11-26T23:40:09","guid":{"rendered":"http:\/\/www.blogdotarugao.com.br\/v1\/?p=143615"},"modified":"2021-11-26T20:40:09","modified_gmt":"2021-11-26T23:40:09","slug":"laboratorios-brasileiros-fazem-reuniao-de-emergencia-para-discutir-chegada-de-variante","status":"publish","type":"post","link":"https:\/\/www.blogdotarugao.com.br\/v1\/2021\/11\/26\/laboratorios-brasileiros-fazem-reuniao-de-emergencia-para-discutir-chegada-de-variante\/","title":{"rendered":"LABORAT\u00d3RIOS BRASILEIROS FAZEM REUNI\u00c3O DE EMERG\u00caNCIA PARA DISCUTIR CHEGADA DE VARIANTE"},"content":{"rendered":"<h3><img loading=\"lazy\" class=\"\" src=\"https:\/\/www.bahianoticias.com.br\/fotos\/folha_noticias\/143084\/IMAGEM_NOTICIA_5.jpg?checksum=1637952006\" alt=\"Laborat\u00f3rios brasileiros fazem reuni\u00e3o de emerg\u00eancia para discutir chegada de variante\" width=\"580\" height=\"427\" \/><\/h3>\n<h3>Os laborat\u00f3rios brasileiros de refer\u00eancia em v\u00edrus respirat\u00f3rios v\u00e3o fazer reuni\u00e3o de emerg\u00eancia com o Minist\u00e9rio da Sa\u00fade nesta sexta-feira (26) para discutir formas de identificar a nova variante de Covid-19 que j\u00e1 causa tens\u00e3o no mundo todo.<br \/>\nA mobiliza\u00e7\u00e3o come\u00e7ou a ser organizada ainda nesta madrugada, diante de informa\u00e7\u00f5es alarmantes divulgadas pela OMS (Organiza\u00e7\u00e3o Mundial de Sa\u00fade) sobre a nova linhagem do v\u00edrus.<\/h3>\n<h3>Na ter\u00e7a (23), cientistas come\u00e7aram a chamar a aten\u00e7\u00e3o para uma variante, a B.1.1.529, identificada na \u00c1frica do Sul com um grande n\u00famero de muta\u00e7\u00f5es, algumas descritas como &#8220;terr\u00edveis&#8221;, na prote\u00edna S (de spike, ou esp\u00edcula), usada pelo Sars-Cov-2 para entrar nas c\u00e9lulas humanas.<br \/>\nV\u00e3o participar da reuni\u00e3o a Fiocruz, o Instituto Adolfo Lutz e o Laborat\u00f3rio Evandro Chagas.<\/h3>\n<p><span style=\"color: #000080;\">RK<\/span><\/p>\n","protected":false},"excerpt":{"rendered":"<p>Os laborat\u00f3rios brasileiros de refer\u00eancia em v\u00edrus respirat\u00f3rios v\u00e3o fazer reuni\u00e3o de emerg\u00eancia com o Minist\u00e9rio da Sa\u00fade nesta sexta-feira (26) para discutir formas de identificar a nova variante de Covid-19 que j\u00e1 causa tens\u00e3o no mundo todo. A mobiliza\u00e7\u00e3o come\u00e7ou a ser organizada ainda nesta madrugada, diante de informa\u00e7\u00f5es alarmantes divulgadas pela OMS (Organiza\u00e7\u00e3o [&hellip;]<\/p>\n","protected":false},"author":2,"featured_media":0,"comment_status":"open","ping_status":"open","sticky":false,"template":"","format":"standard","meta":{"_links_to":"","_links_to_target":""},"categories":[1],"tags":[],"_links":{"self":[{"href":"https:\/\/www.blogdotarugao.com.br\/v1\/wp-json\/wp\/v2\/posts\/143615"}],"collection":[{"href":"https:\/\/www.blogdotarugao.com.br\/v1\/wp-json\/wp\/v2\/posts"}],"about":[{"href":"https:\/\/www.blogdotarugao.com.br\/v1\/wp-json\/wp\/v2\/types\/post"}],"author":[{"embeddable":true,"href":"https:\/\/www.blogdotarugao.com.br\/v1\/wp-json\/wp\/v2\/users\/2"}],"replies":[{"embeddable":true,"href":"https:\/\/www.blogdotarugao.com.br\/v1\/wp-json\/wp\/v2\/comments?post=143615"}],"version-history":[{"count":2,"href":"https:\/\/www.blogdotarugao.com.br\/v1\/wp-json\/wp\/v2\/posts\/143615\/revisions"}],"predecessor-version":[{"id":143617,"href":"https:\/\/www.blogdotarugao.com.br\/v1\/wp-json\/wp\/v2\/posts\/143615\/revisions\/143617"}],"wp:attachment":[{"href":"https:\/\/www.blogdotarugao.com.br\/v1\/wp-json\/wp\/v2\/media?parent=143615"}],"wp:term":[{"taxonomy":"category","embeddable":true,"href":"https:\/\/www.blogdotarugao.com.br\/v1\/wp-json\/wp\/v2\/categories?post=143615"},{"taxonomy":"post_tag","embeddable":true,"href":"https:\/\/www.blogdotarugao.com.br\/v1\/wp-json\/wp\/v2\/tags?post=143615"}],"curies":[{"name":"wp","href":"https:\/\/api.w.org\/{rel}","templated":true}]}}