{"id":143642,"date":"2021-11-29T18:23:39","date_gmt":"2021-11-29T21:23:39","guid":{"rendered":"https:\/\/www.blogdotarugao.com.br\/v1\/?p=143642"},"modified":"2021-11-30T06:29:19","modified_gmt":"2021-11-30T09:29:19","slug":"ministro-da-saude-assina-acordo-com-a-pfizer-para-compra-de-100-milhoes-de-doses-de-vacina-para-2022","status":"publish","type":"post","link":"https:\/\/www.blogdotarugao.com.br\/v1\/2021\/11\/29\/ministro-da-saude-assina-acordo-com-a-pfizer-para-compra-de-100-milhoes-de-doses-de-vacina-para-2022\/","title":{"rendered":"MINISTRO DA SA\u00daDE ASSINA ACORDO COM A PFIZER PARA COMPRA DE 100 MILH\u00d5ES DE DOSES DE VACINA PARA 2022"},"content":{"rendered":"<h3><img loading=\"lazy\" class=\"wp-image-143643 alignleft\" src=\"http:\/\/www.blogdotarugao.com.br\/v1\/wp-content\/uploads\/2021\/11\/A1-30.jpg\" alt=\"\" width=\"585\" height=\"263\" \/>O ministro da Sa\u00fade, Marcelo Queiroga, assinou nesta segunda-feira (29) a compra de 100 milh\u00f5es de doses de vacina contra a Covid-19 com a Pfizer.<\/h3>\n<h3>O acordo foi firmado em Salvador, e as doses come\u00e7ar\u00e3o a ser entregues em 2022. A assinatura do acordo foi feita em um evento no Hospital Matarg\u00e3o Gesteira.<\/h3>\n<h3>Estavam presentes a presidente da Pfizer no Brasil, Marta D\u00edez, o ministro da Cidadania, Jo\u00e3o Roma, o prefeito de Salvador, Bruno Reis, e outras autoridades.<\/h3>\n<h3>No \u00faltimo dia 18, o Minist\u00e9rio da Sa\u00fade pediu R$ 1,4 bilh\u00e3o ao Minist\u00e9rio da Economia em suplementa\u00e7\u00e3o de verba para essa aquisi\u00e7\u00e3o. A CNN j\u00e1 havia adiantado que o Minist\u00e9rio da Sa\u00fade corria para conseguir doses para imunizar as crian\u00e7as brasileiras de 5 a 11 anos de idade contra a Covid-19.<\/h3>\n","protected":false},"excerpt":{"rendered":"<p>O ministro da Sa\u00fade, Marcelo Queiroga, assinou nesta segunda-feira (29) a compra de 100 milh\u00f5es de doses de vacina contra a Covid-19 com a Pfizer. O acordo foi firmado em Salvador, e as doses come\u00e7ar\u00e3o a ser entregues em 2022. A assinatura do acordo foi feita em um evento no Hospital Matarg\u00e3o Gesteira. Estavam presentes [&hellip;]<\/p>\n","protected":false},"author":2,"featured_media":0,"comment_status":"open","ping_status":"open","sticky":false,"template":"","format":"standard","meta":{"_links_to":"","_links_to_target":""},"categories":[1],"tags":[],"_links":{"self":[{"href":"https:\/\/www.blogdotarugao.com.br\/v1\/wp-json\/wp\/v2\/posts\/143642"}],"collection":[{"href":"https:\/\/www.blogdotarugao.com.br\/v1\/wp-json\/wp\/v2\/posts"}],"about":[{"href":"https:\/\/www.blogdotarugao.com.br\/v1\/wp-json\/wp\/v2\/types\/post"}],"author":[{"embeddable":true,"href":"https:\/\/www.blogdotarugao.com.br\/v1\/wp-json\/wp\/v2\/users\/2"}],"replies":[{"embeddable":true,"href":"https:\/\/www.blogdotarugao.com.br\/v1\/wp-json\/wp\/v2\/comments?post=143642"}],"version-history":[{"count":2,"href":"https:\/\/www.blogdotarugao.com.br\/v1\/wp-json\/wp\/v2\/posts\/143642\/revisions"}],"predecessor-version":[{"id":143652,"href":"https:\/\/www.blogdotarugao.com.br\/v1\/wp-json\/wp\/v2\/posts\/143642\/revisions\/143652"}],"wp:attachment":[{"href":"https:\/\/www.blogdotarugao.com.br\/v1\/wp-json\/wp\/v2\/media?parent=143642"}],"wp:term":[{"taxonomy":"category","embeddable":true,"href":"https:\/\/www.blogdotarugao.com.br\/v1\/wp-json\/wp\/v2\/categories?post=143642"},{"taxonomy":"post_tag","embeddable":true,"href":"https:\/\/www.blogdotarugao.com.br\/v1\/wp-json\/wp\/v2\/tags?post=143642"}],"curies":[{"name":"wp","href":"https:\/\/api.w.org\/{rel}","templated":true}]}}