{"id":143689,"date":"2021-12-01T06:39:15","date_gmt":"2021-12-01T09:39:15","guid":{"rendered":"http:\/\/www.blogdotarugao.com.br\/v1\/?p=143689"},"modified":"2021-12-01T06:39:15","modified_gmt":"2021-12-01T09:39:15","slug":"desenvolvimento-de-vacina-contra-omicron-sera-mais-rapida-diz-pesquisador","status":"publish","type":"post","link":"https:\/\/www.blogdotarugao.com.br\/v1\/2021\/12\/01\/desenvolvimento-de-vacina-contra-omicron-sera-mais-rapida-diz-pesquisador\/","title":{"rendered":"DESENVOLVIMENTO DE VACINA CONTRA \u00d4MICRON SER\u00c1 MAIS R\u00c1PIDA, DIZ PESQUISADOR"},"content":{"rendered":"<h3><img loading=\"lazy\" class=\"wp-image-143690 alignleft\" src=\"http:\/\/www.blogdotarugao.com.br\/v1\/wp-content\/uploads\/2021\/12\/A1.jpg\" alt=\"\" width=\"586\" height=\"293\" \/>De acordo com o virologista e pesquisador da Fiocruz Felipe Naveca falou, a nova variante \u00d4micron pode afetar o desenvolvimento de vacinas e a produ\u00e7\u00e3o de novos imunizantes ser\u00e1 mais r\u00e1pida.\u00a0\u201cO desenvolvimento n\u00e3o parte do zero, agora \u00e9 uma modifica\u00e7\u00e3o da formula\u00e7\u00e3o da vacina\u201d, afirmou o pesquisador em entrevista \u00e0 CNN nesta ter\u00e7a-feira (30).<\/h3>\n<h3>Os imunizantes desenvolvidos para atingir a \u00d4micron podem ser aprovadas em tr\u00eas a quatro meses, se necess\u00e1rio, disse o chefe do regulador de medicamentos da Uni\u00e3o Europeia nesta ter\u00e7a-feira (30).<\/h3>\n<h3>De acordo com Naveca, ainda n\u00e3o h\u00e1 informa\u00e7\u00f5es sobre o impacto da \u00d4micron sobre as vacinas existentes, mas atualmente as grandes farmac\u00eauticas t\u00eam condi\u00e7\u00f5es de as evolu\u00edrem de maneira r\u00e1pida, por conta de toda pesquisa que j\u00e1 foi feita.<\/h3>\n<h3>Segundo o pesquisador, \u201cainda n\u00e3o h\u00e1 informa\u00e7\u00f5es para saber se a variante est\u00e1 associada a um aumento de casos mais graves\u201d. \u201cNa \u00c1frica do Sul houve um aumento r\u00e1pido dos casos, mas n\u00e3o tem associa\u00e7\u00e3o a casos graves\u201d, afirmou.<\/h3>\n<h3><a href=\"https:\/\/www.varelanet.com.br\/noticias\/saude\/anvisa-identifica-dois-casos-da-variante-omicron-no-brasil\">A Ag\u00eancia Nacional de Vigil\u00e2ncia Sanit\u00e1ria (Anvisa) informou hoje (30), que recebeu resultados preliminares mostrando que dois brasileiros est\u00e3o com a variante \u00d4micron do coronav\u00edrus.<\/a><\/h3>\n","protected":false},"excerpt":{"rendered":"<p>De acordo com o virologista e pesquisador da Fiocruz Felipe Naveca falou, a nova variante \u00d4micron pode afetar o desenvolvimento de vacinas e a produ\u00e7\u00e3o de novos imunizantes ser\u00e1 mais r\u00e1pida.\u00a0\u201cO desenvolvimento n\u00e3o parte do zero, agora \u00e9 uma modifica\u00e7\u00e3o da formula\u00e7\u00e3o da vacina\u201d, afirmou o pesquisador em entrevista \u00e0 CNN nesta ter\u00e7a-feira (30). Os [&hellip;]<\/p>\n","protected":false},"author":2,"featured_media":0,"comment_status":"open","ping_status":"open","sticky":false,"template":"","format":"standard","meta":{"_links_to":"","_links_to_target":""},"categories":[1],"tags":[],"_links":{"self":[{"href":"https:\/\/www.blogdotarugao.com.br\/v1\/wp-json\/wp\/v2\/posts\/143689"}],"collection":[{"href":"https:\/\/www.blogdotarugao.com.br\/v1\/wp-json\/wp\/v2\/posts"}],"about":[{"href":"https:\/\/www.blogdotarugao.com.br\/v1\/wp-json\/wp\/v2\/types\/post"}],"author":[{"embeddable":true,"href":"https:\/\/www.blogdotarugao.com.br\/v1\/wp-json\/wp\/v2\/users\/2"}],"replies":[{"embeddable":true,"href":"https:\/\/www.blogdotarugao.com.br\/v1\/wp-json\/wp\/v2\/comments?post=143689"}],"version-history":[{"count":1,"href":"https:\/\/www.blogdotarugao.com.br\/v1\/wp-json\/wp\/v2\/posts\/143689\/revisions"}],"predecessor-version":[{"id":143691,"href":"https:\/\/www.blogdotarugao.com.br\/v1\/wp-json\/wp\/v2\/posts\/143689\/revisions\/143691"}],"wp:attachment":[{"href":"https:\/\/www.blogdotarugao.com.br\/v1\/wp-json\/wp\/v2\/media?parent=143689"}],"wp:term":[{"taxonomy":"category","embeddable":true,"href":"https:\/\/www.blogdotarugao.com.br\/v1\/wp-json\/wp\/v2\/categories?post=143689"},{"taxonomy":"post_tag","embeddable":true,"href":"https:\/\/www.blogdotarugao.com.br\/v1\/wp-json\/wp\/v2\/tags?post=143689"}],"curies":[{"name":"wp","href":"https:\/\/api.w.org\/{rel}","templated":true}]}}