{"id":143707,"date":"2021-12-01T22:20:27","date_gmt":"2021-12-02T01:20:27","guid":{"rendered":"https:\/\/www.blogdotarugao.com.br\/v1\/?p=143707"},"modified":"2021-12-01T22:33:43","modified_gmt":"2021-12-02T01:33:43","slug":"itapetinga-jornal-da-cidade-entrevista-o-secretario-geraldo-trindade-e-o-comandante-da-8a-cipm-major-vandilson-assunto-em-pauta-implantacao-da-primeira-escola-no-modelo-civico-militar","status":"publish","type":"post","link":"https:\/\/www.blogdotarugao.com.br\/v1\/2021\/12\/01\/itapetinga-jornal-da-cidade-entrevista-o-secretario-geraldo-trindade-e-o-comandante-da-8a-cipm-major-vandilson-assunto-em-pauta-implantacao-da-primeira-escola-no-modelo-civico-militar\/","title":{"rendered":"ITAPETINGA: JORNAL DA CIDADE ENTREVISTA O SECRET\u00c1RIO GERALDO TRINDADE E O COMANDANTE DA 8\u00aa CIPM MAJOR VANDILSON. ASSUNTO EM PAUTA: IMPLANTA\u00c7\u00c3O DA PRIMEIRA ESCOLA NO MODELO C\u00cdVICO MILITAR"},"content":{"rendered":"<h3><img loading=\"lazy\" class=\"wp-image-143708 alignleft\" src=\"http:\/\/www.blogdotarugao.com.br\/v1\/wp-content\/uploads\/2021\/12\/A1-3.jpg\" alt=\"\" width=\"584\" height=\"288\" \/>Na manh\u00e3 desta quinta (02) a partir das 07h, o programa Jornal da Cidade entrevista o Secret\u00e1rio de Educa\u00e7\u00e3o e o Comandante da 8\u00aa CIPM Major Vandilson.<\/h3>\n<h3>Assunto em pauta: Preparativos para a implanta\u00e7\u00e3o da primeira Escola no Modelo C\u00edvico Militar.<\/h3>\n<h3>A escola Ot\u00e1vio Cam\u00f5es foi a\u00a0 escolhida.<\/h3>\n<h3>O Jornal da Cidade vai ao ar, de segunda \u00e1 sexta-feira de 06:30 \u00e0s 08h pela <span style=\"color: #0000ff;\">R\u00e1dio Jornal 660 AM.<\/span><\/h3>\n<h3>Voc\u00ea pode participar atrav\u00e9s dos Fone: (<span style=\"color: #0000ff;\">77<\/span>) <span style=\"color: #0000ff;\">3261-1010<\/span> que tamb\u00e9m \u00e9 zap.<br \/>\nVoc\u00ea pode tamb\u00e9m mandar seu zap e fazer seu questionamento:\u00a0ZAP\u00a0(<span style=\"color: #0000ff;\">77<\/span>) <span style=\"color: #0000ff;\">98821-2051<\/span>.<br \/>\nPode tamb\u00e9m acompanhar a Live:\u00a0www.facebook.com\/tarugao.barreira<br \/>\nR\u00e1dio Jornal 660 AM.<\/h3>\n","protected":false},"excerpt":{"rendered":"<p>Na manh\u00e3 desta quinta (02) a partir das 07h, o programa Jornal da Cidade entrevista o Secret\u00e1rio de Educa\u00e7\u00e3o e o Comandante da 8\u00aa CIPM Major Vandilson. Assunto em pauta: Preparativos para a implanta\u00e7\u00e3o da primeira Escola no Modelo C\u00edvico Militar. A escola Ot\u00e1vio Cam\u00f5es foi a\u00a0 escolhida. O Jornal da Cidade vai ao ar, [&hellip;]<\/p>\n","protected":false},"author":2,"featured_media":0,"comment_status":"open","ping_status":"open","sticky":false,"template":"","format":"standard","meta":{"_links_to":"","_links_to_target":""},"categories":[1],"tags":[],"_links":{"self":[{"href":"https:\/\/www.blogdotarugao.com.br\/v1\/wp-json\/wp\/v2\/posts\/143707"}],"collection":[{"href":"https:\/\/www.blogdotarugao.com.br\/v1\/wp-json\/wp\/v2\/posts"}],"about":[{"href":"https:\/\/www.blogdotarugao.com.br\/v1\/wp-json\/wp\/v2\/types\/post"}],"author":[{"embeddable":true,"href":"https:\/\/www.blogdotarugao.com.br\/v1\/wp-json\/wp\/v2\/users\/2"}],"replies":[{"embeddable":true,"href":"https:\/\/www.blogdotarugao.com.br\/v1\/wp-json\/wp\/v2\/comments?post=143707"}],"version-history":[{"count":4,"href":"https:\/\/www.blogdotarugao.com.br\/v1\/wp-json\/wp\/v2\/posts\/143707\/revisions"}],"predecessor-version":[{"id":143712,"href":"https:\/\/www.blogdotarugao.com.br\/v1\/wp-json\/wp\/v2\/posts\/143707\/revisions\/143712"}],"wp:attachment":[{"href":"https:\/\/www.blogdotarugao.com.br\/v1\/wp-json\/wp\/v2\/media?parent=143707"}],"wp:term":[{"taxonomy":"category","embeddable":true,"href":"https:\/\/www.blogdotarugao.com.br\/v1\/wp-json\/wp\/v2\/categories?post=143707"},{"taxonomy":"post_tag","embeddable":true,"href":"https:\/\/www.blogdotarugao.com.br\/v1\/wp-json\/wp\/v2\/tags?post=143707"}],"curies":[{"name":"wp","href":"https:\/\/api.w.org\/{rel}","templated":true}]}}