{"id":143791,"date":"2021-12-06T06:12:57","date_gmt":"2021-12-06T09:12:57","guid":{"rendered":"https:\/\/www.blogdotarugao.com.br\/v1\/?p=143791"},"modified":"2021-12-06T08:01:03","modified_gmt":"2021-12-06T11:01:03","slug":"suspeito-de-assalto-sobe-em-poste-e-se-agarra-em-fios-para-nao-ser-linchado-por-populares","status":"publish","type":"post","link":"https:\/\/www.blogdotarugao.com.br\/v1\/2021\/12\/06\/suspeito-de-assalto-sobe-em-poste-e-se-agarra-em-fios-para-nao-ser-linchado-por-populares\/","title":{"rendered":"SUSPEITO DE ASSALTO SOBE EM POSTE E SE AGARRA EM FIOS PARA N\u00c3O SER LINCHADO POR POPULARES"},"content":{"rendered":"<h3><img loading=\"lazy\" class=\"wp-image-143792 alignleft\" src=\"http:\/\/www.blogdotarugao.com.br\/v1\/wp-content\/uploads\/2021\/12\/a-6.jpg\" alt=\"\" width=\"584\" height=\"403\" \/>Um homem acusado de tentar assaltar pessoas na regi\u00e3o da avenida San Martim, em Salvador, ficou preso na fia\u00e7\u00e3o de um poste, na tarde deste s\u00e1bado (5). Ele tentava fugir da persegui\u00e7\u00e3o de populares que se revoltaram com a atitude criminosa. Testemunhas disseram que, durante a fuga, ele subiu no poste para escapar da retalia\u00e7\u00e3o. Conforme divulgou o Portal G1, uma testemunha disse que \u201cele subiu nos fios e ficou l\u00e1 para escapar da multid\u00e3o, que o acusava de ter tentado assaltar aqui na San Martim\u201d, contou.<\/h3>\n<h3 class=\"separator\"><a href=\"https:\/\/lh3.googleusercontent.com\/-0mKOOPAyaa4\/Ya0BT7SyzxI\/AAAAAAAF6FU\/87mGF-d2eNMytlQozmSVVxGwn5nVJQfTACNcBGAsYHQ\/poste-2.jpg\" class=\"gallery_colorbox\"><img loading=\"lazy\" class=\"alignleft\" src=\"https:\/\/lh3.googleusercontent.com\/-0mKOOPAyaa4\/Ya0BT7SyzxI\/AAAAAAAF6FU\/87mGF-d2eNMytlQozmSVVxGwn5nVJQfTACNcBGAsYHQ\/w464-h320\/poste-2.jpg\"  alt=\"\" width=\"584\" height=\"403\" data-original-height=\"345\" data-original-width=\"500\" \/><\/a><\/h3>\n<h3>Nas imagens que circularam nas redes sociais, \u00e9 poss\u00edvel ver um grupo de pessoas em frente ao poste onde o homem estava pendurado. A Pol\u00edcia Militar da Bahia (PM-BA) disse que n\u00e3o foi acionada para a ocorr\u00eancia. Testemunhas informaram ainda que dois homens, que seriam familiares do suspeito, chegaram no local e ap\u00f3s conversas com o grupo que tentava agredir o suspeito, o convenceram a descer do poste. Ap\u00f3s descer, ele deixou o local acompanhado dos dois homens em um carro. A Pol\u00edcia Civil diz que nenhuma ocorr\u00eancia foi registrada sobre a situa\u00e7\u00e3o.<\/h3>\n","protected":false},"excerpt":{"rendered":"<p>Um homem acusado de tentar assaltar pessoas na regi\u00e3o da avenida San Martim, em Salvador, ficou preso na fia\u00e7\u00e3o de um poste, na tarde deste s\u00e1bado (5). Ele tentava fugir da persegui\u00e7\u00e3o de populares que se revoltaram com a atitude criminosa. Testemunhas disseram que, durante a fuga, ele subiu no poste para escapar da retalia\u00e7\u00e3o. [&hellip;]<\/p>\n","protected":false},"author":2,"featured_media":0,"comment_status":"open","ping_status":"open","sticky":false,"template":"","format":"standard","meta":{"_links_to":"","_links_to_target":""},"categories":[1],"tags":[],"_links":{"self":[{"href":"https:\/\/www.blogdotarugao.com.br\/v1\/wp-json\/wp\/v2\/posts\/143791"}],"collection":[{"href":"https:\/\/www.blogdotarugao.com.br\/v1\/wp-json\/wp\/v2\/posts"}],"about":[{"href":"https:\/\/www.blogdotarugao.com.br\/v1\/wp-json\/wp\/v2\/types\/post"}],"author":[{"embeddable":true,"href":"https:\/\/www.blogdotarugao.com.br\/v1\/wp-json\/wp\/v2\/users\/2"}],"replies":[{"embeddable":true,"href":"https:\/\/www.blogdotarugao.com.br\/v1\/wp-json\/wp\/v2\/comments?post=143791"}],"version-history":[{"count":2,"href":"https:\/\/www.blogdotarugao.com.br\/v1\/wp-json\/wp\/v2\/posts\/143791\/revisions"}],"predecessor-version":[{"id":143801,"href":"https:\/\/www.blogdotarugao.com.br\/v1\/wp-json\/wp\/v2\/posts\/143791\/revisions\/143801"}],"wp:attachment":[{"href":"https:\/\/www.blogdotarugao.com.br\/v1\/wp-json\/wp\/v2\/media?parent=143791"}],"wp:term":[{"taxonomy":"category","embeddable":true,"href":"https:\/\/www.blogdotarugao.com.br\/v1\/wp-json\/wp\/v2\/categories?post=143791"},{"taxonomy":"post_tag","embeddable":true,"href":"https:\/\/www.blogdotarugao.com.br\/v1\/wp-json\/wp\/v2\/tags?post=143791"}],"curies":[{"name":"wp","href":"https:\/\/api.w.org\/{rel}","templated":true}]}}