{"id":143818,"date":"2021-12-07T11:21:26","date_gmt":"2021-12-07T14:21:26","guid":{"rendered":"http:\/\/www.blogdotarugao.com.br\/v1\/?p=143818"},"modified":"2021-12-07T11:26:17","modified_gmt":"2021-12-07T14:26:17","slug":"acm-neto-recebe-titulo-de-cidadao-de-simoes-filho","status":"publish","type":"post","link":"https:\/\/www.blogdotarugao.com.br\/v1\/2021\/12\/07\/acm-neto-recebe-titulo-de-cidadao-de-simoes-filho\/","title":{"rendered":"ACM NETO RECEBE T\u00cdTULO DE CIDAD\u00c3O DE SIM\u00d5ES FILHO"},"content":{"rendered":"<h3><img loading=\"lazy\" class=\"alignleft\" src=\"https:\/\/aloalobahia.com\/images\/p\/acmnetocidadaosimoesfilho_alo_alo_bahia.jpeg\" alt=\"ACM Neto recebe t\u00edtulo de cidad\u00e3o de Sim\u00f5es Filho\" width=\"581\" height=\"387\" \/><\/h3>\n<h3>O pr\u00e9-candidato a governador ACM Neto (Democratas\/ Uni\u00e3o Brasil) recebeu nesta segunda-feira (6) o t\u00edtulo de cidad\u00e3o de Sim\u00f5es Filho e, em discurso, citou o ex-deputado Lu\u00eds Eduardo Magalh\u00e3es e voltou a criticar os \u00edndices negativos de seguran\u00e7a p\u00fablica e educa\u00e7\u00e3o do estado. Ao lado do prefeito Dinha Tolentino, do deputado federal Paulo Azi, da deputada estadual K\u00e1tia Oliveira, dentre outras autoridades e lideran\u00e7as, Neto participou da inaugura\u00e7\u00e3o dos 10 primeiros leitos de UTI do munic\u00edpio e da entrega de uma UTI m\u00f3vel e de um <em>Odontom\u00f3vel<\/em>.<\/h3>\n<h3>Na ocasi\u00e3o, Neto voltou a destacar os \u00edndices negativos de seguran\u00e7a p\u00fablica e educa\u00e7\u00e3o da Bahia. &#8220;Quero apenas dizer que n\u00e3o d\u00e1 pra gente se orgulhar do nosso estado ser campe\u00e3o nacional do n\u00famero de homic\u00eddios desde 2017 e, por outro lado, ocupar a lanterninha na educa\u00e7\u00e3o p\u00fablica. A educa\u00e7\u00e3o p\u00fablica da Bahia tem que ser prioridade. \u00c9 por isso que, se Deus me permitir chegar ao governo, eu vou colocar a educa\u00e7\u00e3o em primeiro lugar e a viol\u00eancia em \u00faltimo lugar&#8221;, disse.<\/h3>\n<h3>&#8220;Vou trabalhar para que a Bahia seja o estado das oportunidades, da gera\u00e7\u00e3o de emprego, das chances para os nossos jovens, para que eles se qualifiquem, consigam o primeiro emprego, trabalhem na sua terra e realizem o sonho das suas fam\u00edlias&#8221;, acrescentou.<\/h3>\n<p><span style=\"color: #0000ff;\">RK<\/span><\/p>\n","protected":false},"excerpt":{"rendered":"<p>O pr\u00e9-candidato a governador ACM Neto (Democratas\/ Uni\u00e3o Brasil) recebeu nesta segunda-feira (6) o t\u00edtulo de cidad\u00e3o de Sim\u00f5es Filho e, em discurso, citou o ex-deputado Lu\u00eds Eduardo Magalh\u00e3es e voltou a criticar os \u00edndices negativos de seguran\u00e7a p\u00fablica e educa\u00e7\u00e3o do estado. Ao lado do prefeito Dinha Tolentino, do deputado federal Paulo Azi, da [&hellip;]<\/p>\n","protected":false},"author":2,"featured_media":0,"comment_status":"open","ping_status":"open","sticky":false,"template":"","format":"standard","meta":{"_links_to":"","_links_to_target":""},"categories":[1],"tags":[],"_links":{"self":[{"href":"https:\/\/www.blogdotarugao.com.br\/v1\/wp-json\/wp\/v2\/posts\/143818"}],"collection":[{"href":"https:\/\/www.blogdotarugao.com.br\/v1\/wp-json\/wp\/v2\/posts"}],"about":[{"href":"https:\/\/www.blogdotarugao.com.br\/v1\/wp-json\/wp\/v2\/types\/post"}],"author":[{"embeddable":true,"href":"https:\/\/www.blogdotarugao.com.br\/v1\/wp-json\/wp\/v2\/users\/2"}],"replies":[{"embeddable":true,"href":"https:\/\/www.blogdotarugao.com.br\/v1\/wp-json\/wp\/v2\/comments?post=143818"}],"version-history":[{"count":3,"href":"https:\/\/www.blogdotarugao.com.br\/v1\/wp-json\/wp\/v2\/posts\/143818\/revisions"}],"predecessor-version":[{"id":143821,"href":"https:\/\/www.blogdotarugao.com.br\/v1\/wp-json\/wp\/v2\/posts\/143818\/revisions\/143821"}],"wp:attachment":[{"href":"https:\/\/www.blogdotarugao.com.br\/v1\/wp-json\/wp\/v2\/media?parent=143818"}],"wp:term":[{"taxonomy":"category","embeddable":true,"href":"https:\/\/www.blogdotarugao.com.br\/v1\/wp-json\/wp\/v2\/categories?post=143818"},{"taxonomy":"post_tag","embeddable":true,"href":"https:\/\/www.blogdotarugao.com.br\/v1\/wp-json\/wp\/v2\/tags?post=143818"}],"curies":[{"name":"wp","href":"https:\/\/api.w.org\/{rel}","templated":true}]}}