{"id":143863,"date":"2021-12-08T22:06:38","date_gmt":"2021-12-09T01:06:38","guid":{"rendered":"http:\/\/www.blogdotarugao.com.br\/v1\/?p=143863"},"modified":"2021-12-08T22:06:38","modified_gmt":"2021-12-09T01:06:38","slug":"com-texto-fatiado-congresso-promulga-pec-dos-precatorios","status":"publish","type":"post","link":"https:\/\/www.blogdotarugao.com.br\/v1\/2021\/12\/08\/com-texto-fatiado-congresso-promulga-pec-dos-precatorios\/","title":{"rendered":"COM TEXTO FATIADO, CONGRESSO PROMULGA PEC DOS PRECAT\u00d3RIOS"},"content":{"rendered":"<h3><img loading=\"lazy\" class=\"\" src=\"https:\/\/www.cnnbrasil.com.br\/wp-content\/uploads\/sites\/12\/2021\/11\/Auxilio-Brasil.jpg?w=876&amp;h=484&amp;crop=1\" alt=\"Parlamentares v\u00e3o ao STF contra mudan\u00e7a em Aux\u00edlio Brasil aprovada no  Senado | CNN Brasil\" width=\"581\" height=\"321\" \/><\/h3>\n<h3>O Congresso promulgou, na tarde desta quarta-feira (8), os pontos em comum da\u00a0<a href=\"https:\/\/noticias.r7.com\/brasilia\/precatorios-congresso-vai-fatiar-pec-para-garantir-auxilio-de-r-400-07122021\" target=\"_blank\" rel=\"noopener\">PEC (proposta de emenda \u00e0 Constitui\u00e7\u00e3o) dos Precat\u00f3rios<\/a>\u00a0\u2014 d\u00edvidas da Uni\u00e3o reconhecidas pela Justi\u00e7a. O acordo para que o texto fosse validado em sess\u00e3o solene foi firmado na noite desta ter\u00e7a (7), mas ainda n\u00e3o havia consenso entre os t\u00e9cnicos das duas casas sobre quais eram os pontos em comum. Apenas nesta tarde esses pontos foram identificados e levados \u00e0 promulga\u00e7\u00e3o, ap\u00f3s diversas rodadas de negocia\u00e7\u00e3o.<\/h3>\n<h3>A promulga\u00e7\u00e3o dos pontos em comum deve abrir um espa\u00e7o fiscal de pelo menos R$ 60 bilh\u00f5es, segundo o presidente do Senado, Rodrigo Pacheco (PSD-MG). O valor \u00e9 suficiente para o governo federal garantir os recursos necess\u00e1rios \u00e0 corre\u00e7\u00e3o do Or\u00e7amento e ao pagamento do Aux\u00edlio Brasil, nome do novo Bolsa Fam\u00edlia, a R$ 400.<\/h3>\n<h3>Entre os pontos promulgados nesta quarta-feira est\u00e3o o que permite o uso de precat\u00f3rios na compensa\u00e7\u00e3o das d\u00edvidas dos estados com a Uni\u00e3o fora do limite do teto de gastos e o que vincula R$ 15 bilh\u00f5es do espa\u00e7o fiscal aberto com a proposta para\u00a0despesas de vacina\u00e7\u00e3o contra a Covid-19 ou relacionadas \u00e0s a\u00e7\u00f5es emergenciais e tempor\u00e1rias de car\u00e1ter socioecon\u00f4mico.<\/h3>\n<p><span style=\"color: #0000ff;\">RK<\/span><\/p>\n","protected":false},"excerpt":{"rendered":"<p>O Congresso promulgou, na tarde desta quarta-feira (8), os pontos em comum da\u00a0PEC (proposta de emenda \u00e0 Constitui\u00e7\u00e3o) dos Precat\u00f3rios\u00a0\u2014 d\u00edvidas da Uni\u00e3o reconhecidas pela Justi\u00e7a. O acordo para que o texto fosse validado em sess\u00e3o solene foi firmado na noite desta ter\u00e7a (7), mas ainda n\u00e3o havia consenso entre os t\u00e9cnicos das duas casas [&hellip;]<\/p>\n","protected":false},"author":2,"featured_media":0,"comment_status":"open","ping_status":"open","sticky":false,"template":"","format":"standard","meta":{"_links_to":"","_links_to_target":""},"categories":[1],"tags":[],"_links":{"self":[{"href":"https:\/\/www.blogdotarugao.com.br\/v1\/wp-json\/wp\/v2\/posts\/143863"}],"collection":[{"href":"https:\/\/www.blogdotarugao.com.br\/v1\/wp-json\/wp\/v2\/posts"}],"about":[{"href":"https:\/\/www.blogdotarugao.com.br\/v1\/wp-json\/wp\/v2\/types\/post"}],"author":[{"embeddable":true,"href":"https:\/\/www.blogdotarugao.com.br\/v1\/wp-json\/wp\/v2\/users\/2"}],"replies":[{"embeddable":true,"href":"https:\/\/www.blogdotarugao.com.br\/v1\/wp-json\/wp\/v2\/comments?post=143863"}],"version-history":[{"count":1,"href":"https:\/\/www.blogdotarugao.com.br\/v1\/wp-json\/wp\/v2\/posts\/143863\/revisions"}],"predecessor-version":[{"id":143864,"href":"https:\/\/www.blogdotarugao.com.br\/v1\/wp-json\/wp\/v2\/posts\/143863\/revisions\/143864"}],"wp:attachment":[{"href":"https:\/\/www.blogdotarugao.com.br\/v1\/wp-json\/wp\/v2\/media?parent=143863"}],"wp:term":[{"taxonomy":"category","embeddable":true,"href":"https:\/\/www.blogdotarugao.com.br\/v1\/wp-json\/wp\/v2\/categories?post=143863"},{"taxonomy":"post_tag","embeddable":true,"href":"https:\/\/www.blogdotarugao.com.br\/v1\/wp-json\/wp\/v2\/tags?post=143863"}],"curies":[{"name":"wp","href":"https:\/\/api.w.org\/{rel}","templated":true}]}}