{"id":143896,"date":"2021-12-09T20:38:46","date_gmt":"2021-12-09T23:38:46","guid":{"rendered":"http:\/\/www.blogdotarugao.com.br\/v1\/?p=143896"},"modified":"2021-12-09T20:47:52","modified_gmt":"2021-12-09T23:47:52","slug":"itapetinga-saiba-tudo-sobre-a-matinha-o-secretario-fabio-e-o-entrevistado-do-jornal-da-cidade-desta-sexta-10","status":"publish","type":"post","link":"https:\/\/www.blogdotarugao.com.br\/v1\/2021\/12\/09\/itapetinga-saiba-tudo-sobre-a-matinha-o-secretario-fabio-e-o-entrevistado-do-jornal-da-cidade-desta-sexta-10\/","title":{"rendered":"ITAPETINGA: SAIBA TUDO SOBRE A MATINHA! O SECRET\u00c1RIO F\u00c1BIO \u00c9 O ENTREVISTADO DO JORNAL DA CIDADE DESTA SEXTA (10)."},"content":{"rendered":"<h3><img loading=\"lazy\" class=\"wp-image-143897 alignleft\" src=\"http:\/\/www.blogdotarugao.com.br\/v1\/wp-content\/uploads\/2021\/12\/a2-3.jpg\" alt=\"\" width=\"584\" height=\"566\" \/>Na manh\u00e3 desta sexta (10) 0 Secret\u00e1rio do Meio Ambiente, o competente F\u00e1bio Viana ser\u00e1 o entrevistado do Programa Jornal da Cidade, que vai ao Ar de Segunda \u00e1 sexta-feira de 06h30 \u00e0s 08h00 pela R\u00e1dio Jornal 660 AM.<\/h3>\n<h3>Ser\u00e3o v\u00e1rios assuntos em pauta, entre os principais, est\u00e3o:<\/h3>\n<h3><span style=\"color: #0000ff;\">*<\/span> Reabertura da Matinha.<\/h3>\n<h3><span style=\"color: #0000ff;\">*<\/span> Quais s\u00e3o os novos animais que j\u00e1 est\u00e3o habitando o Parque<\/h3>\n<h3><span style=\"color: #0000ff;\">*<\/span> Como ser\u00e1 e reabertura e se vai pagar a entrada<\/h3>\n<h3><span style=\"color: #0000ff;\">*<\/span> Quais ser\u00e3o os Protocolos de Sa\u00fade<\/h3>\n<h3>Voc\u00ea pode ligar e participar pelos fones: (<span style=\"color: #0000ff;\">77<\/span>) <span style=\"color: #0000ff;\">3261\u20131010<\/span> ou (<span style=\"color: #0000ff;\">77<\/span>) <span style=\"color: #0000ff;\">98821-2051<\/span> que tamb\u00e9m \u00e9 Zap.<\/h3>\n<h3>Mois\u00e9s Serafim anima sua sexta com muita m\u00fasica boa!<\/h3>\n<h3>Fique Ligado! Jornal da Cidade a partir das 06:30hs na sua\u00a0<span style=\"color: #0000ff;\">R\u00e1dio Jornal 660 AM<\/span><\/h3>\n","protected":false},"excerpt":{"rendered":"<p>Na manh\u00e3 desta sexta (10) 0 Secret\u00e1rio do Meio Ambiente, o competente F\u00e1bio Viana ser\u00e1 o entrevistado do Programa Jornal da Cidade, que vai ao Ar de Segunda \u00e1 sexta-feira de 06h30 \u00e0s 08h00 pela R\u00e1dio Jornal 660 AM. Ser\u00e3o v\u00e1rios assuntos em pauta, entre os principais, est\u00e3o: * Reabertura da Matinha. * Quais s\u00e3o [&hellip;]<\/p>\n","protected":false},"author":2,"featured_media":0,"comment_status":"open","ping_status":"open","sticky":false,"template":"","format":"standard","meta":{"_links_to":"","_links_to_target":""},"categories":[1],"tags":[],"_links":{"self":[{"href":"https:\/\/www.blogdotarugao.com.br\/v1\/wp-json\/wp\/v2\/posts\/143896"}],"collection":[{"href":"https:\/\/www.blogdotarugao.com.br\/v1\/wp-json\/wp\/v2\/posts"}],"about":[{"href":"https:\/\/www.blogdotarugao.com.br\/v1\/wp-json\/wp\/v2\/types\/post"}],"author":[{"embeddable":true,"href":"https:\/\/www.blogdotarugao.com.br\/v1\/wp-json\/wp\/v2\/users\/2"}],"replies":[{"embeddable":true,"href":"https:\/\/www.blogdotarugao.com.br\/v1\/wp-json\/wp\/v2\/comments?post=143896"}],"version-history":[{"count":2,"href":"https:\/\/www.blogdotarugao.com.br\/v1\/wp-json\/wp\/v2\/posts\/143896\/revisions"}],"predecessor-version":[{"id":143899,"href":"https:\/\/www.blogdotarugao.com.br\/v1\/wp-json\/wp\/v2\/posts\/143896\/revisions\/143899"}],"wp:attachment":[{"href":"https:\/\/www.blogdotarugao.com.br\/v1\/wp-json\/wp\/v2\/media?parent=143896"}],"wp:term":[{"taxonomy":"category","embeddable":true,"href":"https:\/\/www.blogdotarugao.com.br\/v1\/wp-json\/wp\/v2\/categories?post=143896"},{"taxonomy":"post_tag","embeddable":true,"href":"https:\/\/www.blogdotarugao.com.br\/v1\/wp-json\/wp\/v2\/tags?post=143896"}],"curies":[{"name":"wp","href":"https:\/\/api.w.org\/{rel}","templated":true}]}}