{"id":143983,"date":"2021-12-14T21:52:42","date_gmt":"2021-12-15T00:52:42","guid":{"rendered":"http:\/\/www.blogdotarugao.com.br\/v1\/?p=143983"},"modified":"2021-12-14T21:52:42","modified_gmt":"2021-12-15T00:52:42","slug":"texto-do-senado-da-pec-dos-precatorios-e-aprovado-na-camara","status":"publish","type":"post","link":"https:\/\/www.blogdotarugao.com.br\/v1\/2021\/12\/14\/texto-do-senado-da-pec-dos-precatorios-e-aprovado-na-camara\/","title":{"rendered":"TEXTO DO SENADO DA PEC DOS PRECAT\u00d3RIOS \u00c9 APROVADO NA C\u00c2MARA"},"content":{"rendered":"<h3><img loading=\"lazy\" class=\"alignleft\" src=\"https:\/\/img.r7.com\/images\/camara-dos-deputados-arthur-lira-1500-10092021113231355?dimensions=771x420\" alt=\"Presidente da C\u00e2mara, Arthur Lira (PP-AL), ao lado do deputado Cac\u00e1 Le\u00e3o (PP-BA), \u00e0 esquerda\" width=\"580\" height=\"316\" \/><\/h3>\n<h3>A C\u00e2mara dos Deputados aprovou nesta ter\u00e7a-feira (14) a PEC (proposta de emenda \u00e0 Constitui\u00e7\u00e3o) dos Precat\u00f3rios em primeiro turno. O texto agora segue para ser promulgado pelo Congresso Nacional. O principal ponto de discuss\u00e3o entre os deputados era relativo ao\u00a0trecho aprovado no Senado que fixa em 2026 a dura\u00e7\u00e3o do regime especial (com um &#8220;subteto&#8221; anual) de pagamento de precat\u00f3rios. Os deputados, entretanto, decidiram manter o texto, sem voltar para o prazo de 2036, como estava na proposta original, aprovada inicialmente na C\u00e2mara.<\/h3>\n<h3>Mais cedo, o presidente Arthur Lira (PP-AL) se reuniu com l\u00edderes de partidos de centro,\u00a0<a href=\"https:\/\/noticias.r7.com\/brasilia\/camara-deve-alongar-prazo-para-parcelamento-de-precatorios-14122021\">e houve acordo para suprimir o trecho relativo ao prazo de 2026.<\/a>\u00a0Com isso, os parlamentares apontavam para duas possibilidades. A primeira delas era que esse &#8220;subteto&#8221; do pagamento de precat\u00f3rios (d\u00edvidas que a Uni\u00e3o \u00e9 obrigada a pagar por j\u00e1 ter esgotado os recursos na Justi\u00e7a) ficasse com a data do texto da C\u00e2mara (2036). A segunda era que, com a supress\u00e3o, a vig\u00eancia da regra ficasse sem data final.<\/h3>\n<p><span style=\"color: #0000ff;\">RK<\/span><\/p>\n","protected":false},"excerpt":{"rendered":"<p>A C\u00e2mara dos Deputados aprovou nesta ter\u00e7a-feira (14) a PEC (proposta de emenda \u00e0 Constitui\u00e7\u00e3o) dos Precat\u00f3rios em primeiro turno. O texto agora segue para ser promulgado pelo Congresso Nacional. O principal ponto de discuss\u00e3o entre os deputados era relativo ao\u00a0trecho aprovado no Senado que fixa em 2026 a dura\u00e7\u00e3o do regime especial (com um [&hellip;]<\/p>\n","protected":false},"author":2,"featured_media":0,"comment_status":"open","ping_status":"open","sticky":false,"template":"","format":"standard","meta":{"_links_to":"","_links_to_target":""},"categories":[1],"tags":[],"_links":{"self":[{"href":"https:\/\/www.blogdotarugao.com.br\/v1\/wp-json\/wp\/v2\/posts\/143983"}],"collection":[{"href":"https:\/\/www.blogdotarugao.com.br\/v1\/wp-json\/wp\/v2\/posts"}],"about":[{"href":"https:\/\/www.blogdotarugao.com.br\/v1\/wp-json\/wp\/v2\/types\/post"}],"author":[{"embeddable":true,"href":"https:\/\/www.blogdotarugao.com.br\/v1\/wp-json\/wp\/v2\/users\/2"}],"replies":[{"embeddable":true,"href":"https:\/\/www.blogdotarugao.com.br\/v1\/wp-json\/wp\/v2\/comments?post=143983"}],"version-history":[{"count":1,"href":"https:\/\/www.blogdotarugao.com.br\/v1\/wp-json\/wp\/v2\/posts\/143983\/revisions"}],"predecessor-version":[{"id":143984,"href":"https:\/\/www.blogdotarugao.com.br\/v1\/wp-json\/wp\/v2\/posts\/143983\/revisions\/143984"}],"wp:attachment":[{"href":"https:\/\/www.blogdotarugao.com.br\/v1\/wp-json\/wp\/v2\/media?parent=143983"}],"wp:term":[{"taxonomy":"category","embeddable":true,"href":"https:\/\/www.blogdotarugao.com.br\/v1\/wp-json\/wp\/v2\/categories?post=143983"},{"taxonomy":"post_tag","embeddable":true,"href":"https:\/\/www.blogdotarugao.com.br\/v1\/wp-json\/wp\/v2\/tags?post=143983"}],"curies":[{"name":"wp","href":"https:\/\/api.w.org\/{rel}","templated":true}]}}