{"id":143985,"date":"2021-12-15T07:25:03","date_gmt":"2021-12-15T10:25:03","guid":{"rendered":"https:\/\/www.blogdotarugao.com.br\/v1\/?p=143985"},"modified":"2021-12-15T07:27:56","modified_gmt":"2021-12-15T10:27:56","slug":"video-acusado-de-matar-mae-e-filha-da-detalhes-sobre-o-crime","status":"publish","type":"post","link":"https:\/\/www.blogdotarugao.com.br\/v1\/2021\/12\/15\/video-acusado-de-matar-mae-e-filha-da-detalhes-sobre-o-crime\/","title":{"rendered":"VIDEO: ACUSADO DE MATAR M\u00c3E E FILHA D\u00c1 DETALHES SOBRE O CRIME"},"content":{"rendered":"<h3><img loading=\"lazy\" class=\"wp-image-143986 alignleft\" src=\"http:\/\/www.blogdotarugao.com.br\/v1\/wp-content\/uploads\/2021\/12\/a-30.jpg\" alt=\"\" width=\"584\" height=\"329\" \/>O homem acusado de assassinar m\u00e3e e filha,\u00a0<a href=\"https:\/\/www.bnews.com.br\/noticias\/policia\/mae-e-filha-sao-encontradas-mortas-proximo-ponte-na-ba.html\" target=\"_blank\" rel=\"noopener\">encontradas mortas na tarde do \u00faltimo domingo (12)<\/a>, em uma \u00e1rea de riacho, no munic\u00edpio de Guanambi, sudoeste da Bahia, apareceu em um v\u00eddeo contando detalhes sobre o crime. As imagens obtidas com exclusividade ao BNews foram registradas durante um depoimento do suspeito \u00e0 pol\u00edcia.<\/h3>\n<h3><a href=\"https:\/\/www.bnews.com.br\/noticias\/policia\/320293-mulher-e-morta-a-tiros-enquanto-trabalhava-no-centro-de-abastecimento-de-jacobina.html\" target=\"_blank\" rel=\"noopener\">Mulher \u00e9 morta a tiros enquanto trabalhava no Centro de Abastecimento de Jacobina<\/a><\/h3>\n<h3>Marco Aur\u00e9lio da Silva, de 36 anos, foi preso nesta segunda-feira (13), ap\u00f3s ser encontrado dentro de uma casa abandonada na cidade. De acordo com a pol\u00edcia,\u00a0<a href=\"https:\/\/www.bnews.com.br\/noticias\/policia\/homem-despiu-mae-e-filha-e-utilizou-tijolo-para-mata-las-na-ba.html\" target=\"_blank\" rel=\"noopener\">o acusado confessou o crime, mas n\u00e3o explicou os motivos de ter matado m\u00e3e e filha<\/a>. As v\u00edtimas foram encontradas sem algumas pe\u00e7as de roupas, o que levantou a suspeita, no primeiro momento, de que elas teriam sido abusadas sexualmente. Essa hip\u00f3tese, no entanto, foi descartada ap\u00f3s os corpos passarem por necropsia.<\/h3>\n<h3>No v\u00eddeo, o homem conta que, antes de realizar o crime, seguiu as v\u00edtimas e chegou a pensar em desistir da a\u00e7\u00e3o. Minutos depois, o acusado diz ter mudado de ideia e dado in\u00edcio ao taque.<\/h3>\n<h3><strong>Assista:<\/strong><\/h3>\n<h3 class=\"embed-responsive embed-responsive-16by9\"><iframe loading=\"lazy\" title=\"YouTube video player\" src=\"https:\/\/www.youtube.com\/embed\/bShxHPZj8Ec\" width=\"585\" height=\"380\" frameborder=\"0\" allowfullscreen=\"allowfullscreen\" data-mce-fragment=\"1\"><span data-mce-type=\"bookmark\" style=\"display: inline-block; width: 0px; overflow: hidden; line-height: 0;\" class=\"mce_SELRES_start\">\ufeff<\/span><\/iframe><\/h3>\n<h3>&#8220;Elas desceram e eu peguei e fui embora, falei: &#8216;Nossa, n\u00e3o vou fazer isso n\u00e3o&#8217;. Chegou l\u00e1 na frente, eu voltei de novo, a\u00ed eu peguei e fui atr\u00e1s\u201d, relata, na delegacia.<\/h3>\n<h3>Marco Aur\u00e9lio afirmou que utilizou da pr\u00f3pria for\u00e7a para conseguir conter as v\u00edtimas. \u201cEu peguei elas duas e joguei l\u00e1 para baixo\u201d, disse. \u201cN\u00e3o chamei n\u00e3o, eu puxei pelo bra\u00e7o\u201d, continuou.<\/h3>\n<h3>No relato, o homem declara, tamb\u00e9m que percebeu o desespero das v\u00edtimas e que pretendia, ainda, estuprar m\u00e3e e filha. &#8220;Eu fui e mandei elas tirarem as roupas dela porque eu queria estuprar as duas&#8221;, narra.<\/h3>\n<h3>Assustadas e na tentativa de preservar suas vidas, as v\u00edtimas teriam demonstrado apoio ao suspeito, que n\u00e3o as poupou da crueldade.<\/h3>\n<h3>&#8220;Eu pedi ajuda pra elas e elas falaram que me ajudavam, s\u00f3 que eu fiquei com medo delas me denunciarem&#8221;, sustenta Marco Aur\u00e9lio, que garante que tinha inten\u00e7\u00e3o de estuprar, mas n\u00e3o de matar m\u00e3e e filha.<\/h3>\n<h3>No depoimento, o homem exp\u00f5e que utilizou um tijolo para tirar a vida das v\u00edtimas. Ap\u00f3s concluir a a\u00e7\u00e3o, ele diz ter descartado o material em uma lagoa no local.<\/h3>\n<h3>O acusado, entretanto, diz n\u00e3o se recordar se matou primeiro m\u00e3e, ou filha, mas confessa ter assassinado as duas. \u201cEu n\u00e3o me lembro se foi uma ou se foi outra. Sei que foram as duas&#8221;, finaliza.<\/h3>\n","protected":false},"excerpt":{"rendered":"<p>O homem acusado de assassinar m\u00e3e e filha,\u00a0encontradas mortas na tarde do \u00faltimo domingo (12), em uma \u00e1rea de riacho, no munic\u00edpio de Guanambi, sudoeste da Bahia, apareceu em um v\u00eddeo contando detalhes sobre o crime. As imagens obtidas com exclusividade ao BNews foram registradas durante um depoimento do suspeito \u00e0 pol\u00edcia. Mulher \u00e9 morta [&hellip;]<\/p>\n","protected":false},"author":2,"featured_media":143988,"comment_status":"open","ping_status":"open","sticky":false,"template":"","format":"standard","meta":{"_links_to":"","_links_to_target":""},"categories":[1],"tags":[],"_links":{"self":[{"href":"https:\/\/www.blogdotarugao.com.br\/v1\/wp-json\/wp\/v2\/posts\/143985"}],"collection":[{"href":"https:\/\/www.blogdotarugao.com.br\/v1\/wp-json\/wp\/v2\/posts"}],"about":[{"href":"https:\/\/www.blogdotarugao.com.br\/v1\/wp-json\/wp\/v2\/types\/post"}],"author":[{"embeddable":true,"href":"https:\/\/www.blogdotarugao.com.br\/v1\/wp-json\/wp\/v2\/users\/2"}],"replies":[{"embeddable":true,"href":"https:\/\/www.blogdotarugao.com.br\/v1\/wp-json\/wp\/v2\/comments?post=143985"}],"version-history":[{"count":2,"href":"https:\/\/www.blogdotarugao.com.br\/v1\/wp-json\/wp\/v2\/posts\/143985\/revisions"}],"predecessor-version":[{"id":143989,"href":"https:\/\/www.blogdotarugao.com.br\/v1\/wp-json\/wp\/v2\/posts\/143985\/revisions\/143989"}],"wp:featuredmedia":[{"embeddable":true,"href":"https:\/\/www.blogdotarugao.com.br\/v1\/wp-json\/wp\/v2\/media\/143988"}],"wp:attachment":[{"href":"https:\/\/www.blogdotarugao.com.br\/v1\/wp-json\/wp\/v2\/media?parent=143985"}],"wp:term":[{"taxonomy":"category","embeddable":true,"href":"https:\/\/www.blogdotarugao.com.br\/v1\/wp-json\/wp\/v2\/categories?post=143985"},{"taxonomy":"post_tag","embeddable":true,"href":"https:\/\/www.blogdotarugao.com.br\/v1\/wp-json\/wp\/v2\/tags?post=143985"}],"curies":[{"name":"wp","href":"https:\/\/api.w.org\/{rel}","templated":true}]}}