{"id":144010,"date":"2021-12-16T06:47:47","date_gmt":"2021-12-16T09:47:47","guid":{"rendered":"http:\/\/www.blogdotarugao.com.br\/v1\/?p=144010"},"modified":"2021-12-16T06:47:47","modified_gmt":"2021-12-16T09:47:47","slug":"o-que-se-sabe-sobre-o-virus-influenza-h3n2-que-circula-no-brasil","status":"publish","type":"post","link":"https:\/\/www.blogdotarugao.com.br\/v1\/2021\/12\/16\/o-que-se-sabe-sobre-o-virus-influenza-h3n2-que-circula-no-brasil\/","title":{"rendered":"O QUE SE SABE SOBRE O V\u00cdRUS INFLUENZA H3N2 QUE CIRCULA NO BRASIL"},"content":{"rendered":"<h3><img loading=\"lazy\" class=\"wp-image-144011 alignleft\" src=\"http:\/\/www.blogdotarugao.com.br\/v1\/wp-content\/uploads\/2021\/12\/a-33.jpg\" alt=\"\" width=\"585\" height=\"319\" \/>A\u00a0<a href=\"https:\/\/noticias.r7.com\/rio-de-janeiro\/rj-tem-aumento-de-239-na-media-de-atendimentos-a-casos-de-gripe-14122021\" target=\"_blank\" rel=\"noopener\"><strong>epidemia de gripe no estado do Rio de Janeiro<\/strong><\/a>, provocada pela variante H3N2 do v\u00edrus influenza, j\u00e1 d\u00e1 sinais em outros locais do pa\u00eds e deixa em alerta autoridades sanit\u00e1rias, especialmente no momento em que muitos brasileiros v\u00e3o viajar e se reunir com familiares e amigos.<\/h3>\n<h3>A Secretaria Municipal de Sa\u00fade de S\u00e3o Paulo registrou nas primeiras duas semanas 82% do n\u00famero de casos de s\u00edndrome gripal contabilizados em todo o m\u00eas de novembro \u2013 o dado inclui indiv\u00edduos com Covid-19 (cerca da metade). Em Salvador, tamb\u00e9m j\u00e1 est\u00e1 confirmado um surto de gripe.<\/h3>\n<h3>A\u00a0<a href=\"https:\/\/noticias.r7.com\/saude\/fiocruz-adverte-que-surto-de-gripe-no-rio-pode-se-espalhar-pelo-pais-09122021\" target=\"_blank\" rel=\"noopener\"><strong>Fiocruz (Funda\u00e7\u00e3o Oswaldo Cruz) alertou no \u00faltimo dia 9 para o risco do v\u00edrus influenza se espalhar pelo Brasil<\/strong><\/a>\u00a0juntamente com o coronav\u00edrus.<\/h3>\n<h3 class=\"media_box embed video_box full-dimensionsundefined\" data-name=\"r7\"><iframe loading=\"lazy\" src=\"https:\/\/player.r7.com\/video\/i\/61ba0369416eb9600b0003ec\" width=\"660\" height=\"371\" frameborder=\"0\" allowfullscreen=\"allowfullscreen\" data-mce-fragment=\"1\"><\/iframe><\/h3>\n<h3 class=\"content\">O que \u00e9 o H3N2<\/h3>\n<h3>Assim como o H1N1, o H3N2 \u00e9 um subtipo de influenzav\u00edrus A. As diferen\u00e7as entre eles ocorrem por mudan\u00e7as nas prote\u00ednas de superf\u00edcie \u2013 hemaglutinina e neuraminidase.<\/h3>\n<h3>&#8220;Embora mais de 130 combina\u00e7\u00f5es de subtipo de influenza A tenham sido identificadas na natureza, principalmente de aves selvagens, existem potencialmente muito mais combina\u00e7\u00f5es de subtipo de influenza A, dada a propens\u00e3o para o &#8216;rearranjo&#8217; do v\u00edrus. O rearranjo \u00e9 um processo pelo qual os v\u00edrus da influenza trocam segmentos de genes&#8221;, esclarece o Centro de Controle e Preven\u00e7\u00e3o de Doen\u00e7as dos Estados Unidos.<\/h3>\n<h3>O professor Alexandre Naime Barbosa, chefe da infectologia da Unesp (Universidade Estadual de S\u00e3o Paulo) em Botucatu, ressalta que as vacinas usadas hoje no mundo ainda n\u00e3o conferem prote\u00e7\u00e3o completa contra este tipo espec\u00edfico de H3N2.<\/h3>\n<h3>&#8220;O H3N2 que est\u00e1 circulando \u00e9 o que a gente chama de variante Darwin, n\u00e3o \u00e9 o H3N2 que est\u00e1 na vacina da gripe atual. A vacina atual talvez d\u00ea uma imunidade cruzada baixa ou moderada. Ent\u00e3o, isso explica porque quem foi vacinado pode, eventualmente, ter quadros de gripe por esta cepa. Mas os n\u00e3o vacinados ainda t\u00eam mais chance de se infectar e ter quadros graves. Tivemos um \u00edndice muito baixo de vacina\u00e7\u00e3o contra influenza.&#8221;<\/h3>\n<h3>O v\u00edrus que est\u00e1 por tr\u00e1s do aumento de casos de gripe n\u00e3o \u00e9 novo, mas come\u00e7ou a circular com mais intensidade no hemisf\u00e9rio norte nos \u00faltimos meses, o que levou a OMS (Organiza\u00e7\u00e3o Mundial da Sa\u00fade) a inclu\u00ed-lo, em setembro, nas recomenda\u00e7\u00f5es para atualiza\u00e7\u00f5es das vacinas contra influenza para 2022 no hemisf\u00e9rio sul.<\/h3>\n<h3>O Influenza Research Database, um banco de dados global com informa\u00e7\u00f5es sobre os tipos de v\u00edrus da gripe j\u00e1 identificados, mostra que a cepa H3N2 foi coletada pela primeira vez em 1999 na Austr\u00e1lia e teve o genoma submetido ao GenBank em 2008.<\/h3>\n<h3 class=\"content\">Sintomas mudam?<\/h3>\n<h3>Muitas pessoas que pegaram gripe recentemente relataram sintomas intensos, como febre alta e um quadro de extrema indisposi\u00e7\u00e3o.<\/h3>\n<h3>Barbosa explica que, independentemente do tipo de cepa, estes s\u00e3o sintomas caracter\u00edsticos da infec\u00e7\u00e3o pelo influenza, principalmente em quem n\u00e3o se vacinou.<\/h3>\n<h3>&#8220;O influenza em geral d\u00e1 um quadro muito agudo, s\u00fabito, de mal-estar, febre alta, prostra\u00e7\u00e3o, \u00e9 uma sensa\u00e7\u00e3o bem intensa. Muitas vezes o paciente fala que parece que vai morrer. [Causa] uma apatia muito grande, a pessoa fica largada, n\u00e3o consegue sair da cama. \u00c9 diferente da Covid, que \u00e9 um pouco mais lenta no come\u00e7o. Tamb\u00e9m d\u00e1 dor no corpo, mas n\u00e3o derruba t\u00e3o r\u00e1pido quanto a influenza.&#8221;<\/h3>\n<h3>Ele acrescenta que a febre costuma ser mais alta do que a da Covid-19, al\u00e9m de os pacientes apresentarem adinamia, que \u00e9 a falta de for\u00e7a muscular.<\/h3>\n<h3 class=\"content\">Ainda vale a pena tomar a vacina?<\/h3>\n<div class=\"toolkit-image-container__edges edges\"><img loading=\"lazy\" class=\"toolkit-image-container__image croppable alignleft\" title=\"Vacina\u00e7\u00e3o ainda garante certo n\u00edvel de prote\u00e7\u00e3o cruzada, afirma infectologista\" src=\"https:\/\/img.r7.com\/images\/vacina-influenza-15122021163744507?dimensions=771x420\" alt=\"Vacina\u00e7\u00e3o ainda garante certo n\u00edvel de prote\u00e7\u00e3o cruzada, afirma infectologista\" width=\"584\" height=\"318\" \/><\/div>\n<div class=\"toolkit-image-container__info content_image\" data-dimensions=\"771x420\">\n<h4 class=\"toolkit-image-container__caption legend_box  \">Vacina\u00e7\u00e3o ainda garante certo n\u00edvel de prote\u00e7\u00e3o cruzada, afirma infectologista<\/h4>\n<p><span class=\"toolkit-image-container__credit credit_box \">ROVENA ROSA\/AG\u00caNCIA BRASIL<\/span><\/div>\n<h3>Na avalia\u00e7\u00e3o do infectologista, \u00e9 importante aumentar a cobertura vacinal, mesmo que a vacina n\u00e3o tenha a melhor prote\u00e7\u00e3o contra o H3N2 Darwin.<\/h3>\n<h3>Em todo o Brasil, apenas 42% do p\u00fablico-alvo tinham tomado a vacina da gripe\u00a0at\u00e9 julho, quando o Minist\u00e9rio da Sa\u00fade expandiu a campanha para a popula\u00e7\u00e3o em geral.<\/h3>\n<h3>O estado de S\u00e3o Paulo, por exemplo, havia conseguido atingir somente 40% de cobertura do p\u00fablico-alvo at\u00e9 junho.<\/h3>\n<h3>O\u00a0<strong>R7<\/strong>\u00a0entrou em contato com alguns postos de sa\u00fade da capital paulista nesta quarta-feira (15), mas nenhum deles tinha vacinas contra gripe dispon\u00edveis. Na rede privada \u00e9 poss\u00edvel encontr\u00e1-las.<\/h3>\n<h3>Um dos motivos apontados por especialistas para a baixa procura pela vacina da gripe era o tempo de intervalo que deveria ser observado entre os imunizantes de Covid-19 e influenza, de duas semanas, o que fez muita gente dar prefer\u00eancia \u00e0 primeira.<\/h3>\n<h3>No fim de setembro, o Minist\u00e9rio da Sa\u00fade\u00a0<a href=\"https:\/\/noticias.r7.com\/brasilia\/saude-elimina-o-intervalo-entre-as-vacinas-da-gripe-e-da-covid-29092021\" target=\"_blank\" rel=\"noopener\"><strong>passou a permitir que as inje\u00e7\u00f5es fossem aplicadas no mesmo momento<\/strong><\/a>. Mesmo assim, n\u00e3o houve aumento pela procura da vacina antigripe.<\/h3>\n<h3 class=\"content\">Cuidados<\/h3>\n<h3>Por ser um v\u00edrus respirat\u00f3rio, assim como o que causa a Covid-19, a preven\u00e7\u00e3o do influenza ocorre da mesma forma: com distanciamento f\u00edsico entre as pessoas, uso de m\u00e1scara e higiene das m\u00e3os.<\/h3>\n<h3>O afrouxamento das medidas restritivas nos \u00faltimos dois meses \u00e9 apontado por pesquisadores da Fiocruz como um dos fatores que contribu\u00edram para a epidemia de gripe no Rio de Janeiro e que pode se alastrar nas pr\u00f3ximas semanas.<\/h3>\n<h3>Em caso de qualquer sintoma gripal, Barbosa afirma ser importante buscar um servi\u00e7o de sa\u00fade.<\/h3>\n<h3>&#8220;Primeiro, porque precisa excluir [a possibilidade de ser] Covid. Segundo, porque, principalmente na rede privada, existe essa possibilidade de painel viral [para identificar o v\u00edrus espec\u00edfico que o infectou] \u2013 existem testes r\u00e1pidos na rede p\u00fablica, mas n\u00e3o diferenciam qual tipo de influenza \u00e9.&#8221;<\/h3>\n<h3>Diferentemente da Covid-19, a gripe tem um antiviral aprovado e que pode ser usado: o oseltamivir.<\/h3>\n<h3>Ao confirmar que se trata de infec\u00e7\u00e3o por influenza, o m\u00e9dico pode lan\u00e7ar m\u00e3o desta droga nas primeiras 72 horas desde o in\u00edcio dos sintomas.<\/h3>\n<h3>&#8220;Ele diminui o tempo de sintomas e a gravidade. \u00c9 indicado para grupos de risco: idosos, pessoas com comorbidades e gestantes.&#8221;<\/h3>\n<p>&nbsp;<\/p>\n","protected":false},"excerpt":{"rendered":"<p>A\u00a0epidemia de gripe no estado do Rio de Janeiro, provocada pela variante H3N2 do v\u00edrus influenza, j\u00e1 d\u00e1 sinais em outros locais do pa\u00eds e deixa em alerta autoridades sanit\u00e1rias, especialmente no momento em que muitos brasileiros v\u00e3o viajar e se reunir com familiares e amigos. A Secretaria Municipal de Sa\u00fade de S\u00e3o Paulo registrou [&hellip;]<\/p>\n","protected":false},"author":2,"featured_media":0,"comment_status":"open","ping_status":"open","sticky":false,"template":"","format":"standard","meta":{"_links_to":"","_links_to_target":""},"categories":[1],"tags":[],"_links":{"self":[{"href":"https:\/\/www.blogdotarugao.com.br\/v1\/wp-json\/wp\/v2\/posts\/144010"}],"collection":[{"href":"https:\/\/www.blogdotarugao.com.br\/v1\/wp-json\/wp\/v2\/posts"}],"about":[{"href":"https:\/\/www.blogdotarugao.com.br\/v1\/wp-json\/wp\/v2\/types\/post"}],"author":[{"embeddable":true,"href":"https:\/\/www.blogdotarugao.com.br\/v1\/wp-json\/wp\/v2\/users\/2"}],"replies":[{"embeddable":true,"href":"https:\/\/www.blogdotarugao.com.br\/v1\/wp-json\/wp\/v2\/comments?post=144010"}],"version-history":[{"count":1,"href":"https:\/\/www.blogdotarugao.com.br\/v1\/wp-json\/wp\/v2\/posts\/144010\/revisions"}],"predecessor-version":[{"id":144012,"href":"https:\/\/www.blogdotarugao.com.br\/v1\/wp-json\/wp\/v2\/posts\/144010\/revisions\/144012"}],"wp:attachment":[{"href":"https:\/\/www.blogdotarugao.com.br\/v1\/wp-json\/wp\/v2\/media?parent=144010"}],"wp:term":[{"taxonomy":"category","embeddable":true,"href":"https:\/\/www.blogdotarugao.com.br\/v1\/wp-json\/wp\/v2\/categories?post=144010"},{"taxonomy":"post_tag","embeddable":true,"href":"https:\/\/www.blogdotarugao.com.br\/v1\/wp-json\/wp\/v2\/tags?post=144010"}],"curies":[{"name":"wp","href":"https:\/\/api.w.org\/{rel}","templated":true}]}}