{"id":144015,"date":"2021-12-16T08:48:54","date_gmt":"2021-12-16T11:48:54","guid":{"rendered":"http:\/\/www.blogdotarugao.com.br\/v1\/?p=144015"},"modified":"2021-12-16T09:12:44","modified_gmt":"2021-12-16T12:12:44","slug":"bahia-registra-primeira-morte-por-influenza-a-h3n2","status":"publish","type":"post","link":"https:\/\/www.blogdotarugao.com.br\/v1\/2021\/12\/16\/bahia-registra-primeira-morte-por-influenza-a-h3n2\/","title":{"rendered":"BAHIA REGISTRA PRIMEIRA MORTE POR INFLUENZA A H3N2"},"content":{"rendered":"<div class=\"mc-column content-text active-extra-styles \" data-block-type=\"unstyled\" data-block-weight=\"39\" data-block-id=\"2\">\n<h3 data-track-category=\"Link no Texto\"><img loading=\"lazy\" class=\"alignleft\" src=\"https:\/\/s2.glbimg.com\/GxwXdBVPtDEOeCNYWHwI6hIV3fA=\/0x0:1068x594\/984x0\/smart\/filters:strip_icc()\/i.s3.glbimg.com\/v1\/AUTH_59edd422c0c84a879bd37670ae4f538a\/internal_photos\/bs\/2021\/f\/f\/eqmUriQxeUHhyNhU5LSA\/whatsapp-image-2021-12-13-at-08.31.46.jpeg\" alt=\"Com grip\u00e1rio e UPAs lotados, pacientes tem esperado atendimento por horas em Salvador \u2014 Foto: Reprodu\u00e7\u00e3o\/TV Bahia\" width=\"579\" height=\"322\" \/><\/h3>\n<h3 class=\"content-text__container \" data-track-category=\"Link no Texto\">A Bahia registrou nesta quarta-feira (15) o primeiro caso de morte causada por Influenza A H3N2. De acordo com a Secretaria Estadual de Sa\u00fade da Bahia, a v\u00edtima era uma mulher de 80 anos e residente em Salvador.<\/h3>\n<\/div>\n<div class=\"wall protected-content\">\n<h3 class=\"content-text__container \" data-track-category=\"Link no Texto\">A morte ocorreu nesta quarta-feira e a v\u00edtima n\u00e3o estava vacinada contra a Influenza. No entanto,<a href=\"https:\/\/g1.globo.com\/saude\/noticia\/2021\/12\/14\/sp-e-rio-tem-alta-no-numero-de-casos-de-variante-australiana-do-h3n2-vacina-foi-aplicada-ha-6-meses-e-nao-cobre-versao-do-virus.ghtml\">\u00a0a vacina contra a gripe ainda n\u00e3o tem uma a\u00e7\u00e3o contra esta vers\u00e3o espec\u00edfica do v\u00edrus Influenza A H3N2<\/a>\u00a0que tem causado surtos pelo Brasil, a variante Darwin.<\/h3>\n<h3 class=\"content-text__container \" data-track-category=\"Link no Texto\">At\u00e9 o come\u00e7o da tarde, no \u00faltimo boletim divulgado pela Sesab, a Bahia havia registrado 93 casos de S\u00edndrome Gripal (SG) com resultado positivo para Influenza A H3N2. Os dados levavam em conta os casos registrados at\u00e9 a \u00faltima ter\u00e7a-feira (14).<\/h3>\n<div class=\"mc-column content-text active-extra-styles \" data-block-type=\"unstyled\" data-block-weight=\"49\" data-block-id=\"6\">\n<h3 class=\"content-text__container \" data-track-category=\"Link no Texto\">Destes, 15 evolu\u00edram para S\u00edndrome Respirat\u00f3ria Aguda Grave (SRAG) e necessitaram hospitaliza\u00e7\u00e3o. De acordo com o \u00faltimo boletim divulgado pela Vigil\u00e2ncia Epidemiol\u00f3gica Estadual, dos casos de H3N2 que necessitaram de interna\u00e7\u00e3o, 14 s\u00e3o residentes em Salvador e 1 em Lauro de Freitas, com idades entre 9 a 85 anos.<\/h3>\n<h3 class=\"content-text__container \" data-track-category=\"Link no Texto\">Em rela\u00e7\u00e3o ao munic\u00edpio de resid\u00eancia dos casos de s\u00edndrome gripal que n\u00e3o necessitaram de interna\u00e7\u00e3o, 74 s\u00e3o de Salvador, cinco de S\u00e3o Sebasti\u00e3o do Pass\u00e9, tr\u00eas de Catu, dois de Itapebi e um de cada um dos seguintes munic\u00edpios: Alagoinhas, Eun\u00e1polis, Feira de Santana, Gandu, Lauro de Freitas, Macajuba e Vit\u00f3ria da Conquista. Dois casos s\u00e3o oriundos de outro estado.<\/h3>\n<h3 class=\"content-text__container \" data-track-category=\"Link no Texto\">Segundo o alerta emitido pela Vigil\u00e2ncia Epidemiol\u00f3gica Estadual, as equipes de sa\u00fade devem estar atentas para a necessidade de intensifica\u00e7\u00e3o das a\u00e7\u00f5es de vigil\u00e2ncia dos casos suspeitos de S\u00edndrome Respirat\u00f3ria Aguda Grave (SRAG).<\/h3>\n<div class=\"mc-column content-text active-extra-styles \" data-block-type=\"unstyled\" data-block-weight=\"29\" data-block-id=\"10\">\n<h3 class=\"content-text__container \" data-track-category=\"Link no Texto\">H\u00e1 recomenda\u00e7\u00e3o tamb\u00e9m para a intensifica\u00e7\u00e3o vacinal nos munic\u00edpios que disp\u00f5em de estoque, com oferta da vacina influenza para os grupos priorit\u00e1rios n\u00e3o vacinados durante a campanha de 2021.<\/h3>\n<p data-track-category=\"Link no Texto\" data-track-links=\"\"><span style=\"color: #0000ff;\">RK<\/span><\/p>\n<\/div>\n<\/div>\n<\/div>\n","protected":false},"excerpt":{"rendered":"<p>A Bahia registrou nesta quarta-feira (15) o primeiro caso de morte causada por Influenza A H3N2. De acordo com a Secretaria Estadual de Sa\u00fade da Bahia, a v\u00edtima era uma mulher de 80 anos e residente em Salvador. A morte ocorreu nesta quarta-feira e a v\u00edtima n\u00e3o estava vacinada contra a Influenza. No entanto,\u00a0a vacina [&hellip;]<\/p>\n","protected":false},"author":2,"featured_media":0,"comment_status":"open","ping_status":"open","sticky":false,"template":"","format":"standard","meta":{"_links_to":"","_links_to_target":""},"categories":[1],"tags":[],"_links":{"self":[{"href":"https:\/\/www.blogdotarugao.com.br\/v1\/wp-json\/wp\/v2\/posts\/144015"}],"collection":[{"href":"https:\/\/www.blogdotarugao.com.br\/v1\/wp-json\/wp\/v2\/posts"}],"about":[{"href":"https:\/\/www.blogdotarugao.com.br\/v1\/wp-json\/wp\/v2\/types\/post"}],"author":[{"embeddable":true,"href":"https:\/\/www.blogdotarugao.com.br\/v1\/wp-json\/wp\/v2\/users\/2"}],"replies":[{"embeddable":true,"href":"https:\/\/www.blogdotarugao.com.br\/v1\/wp-json\/wp\/v2\/comments?post=144015"}],"version-history":[{"count":3,"href":"https:\/\/www.blogdotarugao.com.br\/v1\/wp-json\/wp\/v2\/posts\/144015\/revisions"}],"predecessor-version":[{"id":144018,"href":"https:\/\/www.blogdotarugao.com.br\/v1\/wp-json\/wp\/v2\/posts\/144015\/revisions\/144018"}],"wp:attachment":[{"href":"https:\/\/www.blogdotarugao.com.br\/v1\/wp-json\/wp\/v2\/media?parent=144015"}],"wp:term":[{"taxonomy":"category","embeddable":true,"href":"https:\/\/www.blogdotarugao.com.br\/v1\/wp-json\/wp\/v2\/categories?post=144015"},{"taxonomy":"post_tag","embeddable":true,"href":"https:\/\/www.blogdotarugao.com.br\/v1\/wp-json\/wp\/v2\/tags?post=144015"}],"curies":[{"name":"wp","href":"https:\/\/api.w.org\/{rel}","templated":true}]}}