{"id":144073,"date":"2021-12-21T18:08:17","date_gmt":"2021-12-21T21:08:17","guid":{"rendered":"http:\/\/www.blogdotarugao.com.br\/v1\/?p=144073"},"modified":"2021-12-21T18:08:17","modified_gmt":"2021-12-21T21:08:17","slug":"comite-cientifico-aprova-carnaval-no-rio-e-vacinacao-em-criancas","status":"publish","type":"post","link":"https:\/\/www.blogdotarugao.com.br\/v1\/2021\/12\/21\/comite-cientifico-aprova-carnaval-no-rio-e-vacinacao-em-criancas\/","title":{"rendered":"COMIT\u00ca CIENT\u00cdFICO APROVA CARNAVAL NO RIO E VACINA\u00c7\u00c3O EM CRIAN\u00c7AS"},"content":{"rendered":"<p><img loading=\"lazy\" class=\"alignleft\" src=\"https:\/\/api.metro1.com.br\/noticias\/116833,comite-cientifico-aprova-carnaval-no-rio-e-vacinacao-em-criancas-3.jpg\" alt=\"Comit\u00ea cient\u00edfico aprova carnaval no Rio e vacina\u00e7\u00e3o em crian\u00e7as\" width=\"581\" height=\"273\" \/><\/p>\n<h3>O Comit\u00ea Especial de Enfrentamento \u00e0 Covid-19 (CEEC), que assessora cientificamente a Secretaria Municipal de Sa\u00fade (SMS) do Rio de Janeiro, deliberou por n\u00e3o impor restri\u00e7\u00f5es \u00e0 realiza\u00e7\u00e3o do carnaval na cidade. Em 2022, o carnaval ser\u00e1 nos dias 26, 27 e 28 de fevereiro e 1\u00ba de mar\u00e7o, ter\u00e7a-feira.<\/h3>\n<h3>Ele tamb\u00e9m apoiou a vacina\u00e7\u00e3o contra a doen\u00e7a em crian\u00e7as, inclusive sugerindo a compra direta pelo munic\u00edpio. As duas recomenda\u00e7\u00f5es foram tomadas na reuni\u00e3o desta segunda-feira (20) e divulgadas hoje.<\/h3>\n<h3>\u201cO CEEC, fundamentado no cen\u00e1rio epidemiol\u00f3gico favor\u00e1vel (n\u00famero de casos, n\u00famero de casos internados, % de positividade de testes), com 80% de cobertura vacinal atual, na an\u00e1lise dos dados de todos os eventos com aglomera\u00e7\u00e3o no pa\u00eds e no Rio de Janeiro, e sustentado pelas evid\u00eancias cient\u00edficas dispon\u00edveis, recomenda \u00e0 SMS que n\u00e3o estabele\u00e7a, nesse momento, nenhuma restri\u00e7\u00e3o \u00e0 realiza\u00e7\u00e3o do carnaval carioca\u201d, destacaram os especialistas que integram o comit\u00ea.<\/h3>\n<h3><strong>Crian\u00e7as<\/strong>\u00a0&#8211; Quanto \u00e0 vacina\u00e7\u00e3o em crian\u00e7as, os t\u00e9cnicos demonstraram apoio \u00e0 medida, salientando que ela se baseia em evid\u00eancias dispon\u00edveis at\u00e9 o momento, devendo o governo municipal avaliar a possibilidade de comprar as vacinas diretamente dos laborat\u00f3rios.<\/h3>\n<h3>\u201cAlinhado \u00e0s sociedades cient\u00edficas e \u00e0s melhores evid\u00eancias at\u00e9 aqui dispon\u00edveis, o CEEC recomenda fortemente \u00e0 SMS que todas as medidas sejam adotadas para implementar a campanha de vacina\u00e7\u00e3o em crian\u00e7as, avaliando, inclusive, a eventual necessidade de compra direta aos fornecedores\u201d, destacaram os integrantes do comit\u00ea.<\/h3>\n<h3>O CEEC \u00e9 formado por m\u00e9dicos, cientistas, professores universit\u00e1rios, especialistas em sa\u00fade, membros da prefeitura e pelo secret\u00e1rio municipal de Sa\u00fade do Rio, Daniel Soranz.<\/h3>\n","protected":false},"excerpt":{"rendered":"<p>O Comit\u00ea Especial de Enfrentamento \u00e0 Covid-19 (CEEC), que assessora cientificamente a Secretaria Municipal de Sa\u00fade (SMS) do Rio de Janeiro, deliberou por n\u00e3o impor restri\u00e7\u00f5es \u00e0 realiza\u00e7\u00e3o do carnaval na cidade. Em 2022, o carnaval ser\u00e1 nos dias 26, 27 e 28 de fevereiro e 1\u00ba de mar\u00e7o, ter\u00e7a-feira. Ele tamb\u00e9m apoiou a vacina\u00e7\u00e3o [&hellip;]<\/p>\n","protected":false},"author":2,"featured_media":0,"comment_status":"open","ping_status":"open","sticky":false,"template":"","format":"standard","meta":{"_links_to":"","_links_to_target":""},"categories":[1],"tags":[],"_links":{"self":[{"href":"https:\/\/www.blogdotarugao.com.br\/v1\/wp-json\/wp\/v2\/posts\/144073"}],"collection":[{"href":"https:\/\/www.blogdotarugao.com.br\/v1\/wp-json\/wp\/v2\/posts"}],"about":[{"href":"https:\/\/www.blogdotarugao.com.br\/v1\/wp-json\/wp\/v2\/types\/post"}],"author":[{"embeddable":true,"href":"https:\/\/www.blogdotarugao.com.br\/v1\/wp-json\/wp\/v2\/users\/2"}],"replies":[{"embeddable":true,"href":"https:\/\/www.blogdotarugao.com.br\/v1\/wp-json\/wp\/v2\/comments?post=144073"}],"version-history":[{"count":1,"href":"https:\/\/www.blogdotarugao.com.br\/v1\/wp-json\/wp\/v2\/posts\/144073\/revisions"}],"predecessor-version":[{"id":144074,"href":"https:\/\/www.blogdotarugao.com.br\/v1\/wp-json\/wp\/v2\/posts\/144073\/revisions\/144074"}],"wp:attachment":[{"href":"https:\/\/www.blogdotarugao.com.br\/v1\/wp-json\/wp\/v2\/media?parent=144073"}],"wp:term":[{"taxonomy":"category","embeddable":true,"href":"https:\/\/www.blogdotarugao.com.br\/v1\/wp-json\/wp\/v2\/categories?post=144073"},{"taxonomy":"post_tag","embeddable":true,"href":"https:\/\/www.blogdotarugao.com.br\/v1\/wp-json\/wp\/v2\/tags?post=144073"}],"curies":[{"name":"wp","href":"https:\/\/api.w.org\/{rel}","templated":true}]}}