{"id":14481,"date":"2014-08-09T08:40:58","date_gmt":"2014-08-09T11:40:58","guid":{"rendered":"http:\/\/www.blogdotarugao.com.br\/v1\/?p=14481"},"modified":"2014-08-11T15:12:41","modified_gmt":"2014-08-11T18:12:41","slug":"hoje-completa-uma-semana-que-o-jovem-19-anos-que-foi-picado-por-cobra-patrona-e-segue-internado-na-uti-do-cristo-redentor","status":"publish","type":"post","link":"https:\/\/www.blogdotarugao.com.br\/v1\/2014\/08\/09\/hoje-completa-uma-semana-que-o-jovem-19-anos-que-foi-picado-por-cobra-patrona-e-segue-internado-na-uti-do-cristo-redentor\/","title":{"rendered":"Hoje completa uma semana que o Jovem 19 anos que foi picado por Cobra Patrona e segue Internado na UTI do Cristo Redentor"},"content":{"rendered":"<p>No \u00faltimo s\u00e1bado (02) por volta de 10hs, o Jovem Jonatas Freitas dos Santos de 19 anos, morador do Rio do Meio foi picado por uma cobra muito venenosa, o rapaz estava distra\u00eddo e s\u00f3 sentiu a \u201cpicada\u201d.<\/p>\n<p style=\"text-align: center;\"><a href=\"http:\/\/www.blogdotarugao.com.br\/v1\/wp-content\/uploads\/2014\/08\/eu2.jpg\" class=\"gallery_colorbox\"><img loading=\"lazy\" class=\"aligncenter  wp-image-14492\" alt=\"eu\" src=\"http:\/\/www.blogdotarugao.com.br\/v1\/wp-content\/uploads\/2014\/08\/eu2.jpg\"  width=\"622\" height=\"466\" srcset=\"https:\/\/www.blogdotarugao.com.br\/v1\/wp-content\/uploads\/2014\/08\/eu2.jpg 960w, https:\/\/www.blogdotarugao.com.br\/v1\/wp-content\/uploads\/2014\/08\/eu2-300x225.jpg 300w\" sizes=\"(max-width: 622px) 100vw, 622px\" \/><\/a><\/p>\n<p>Segundo o Jovem a cobra conhecida como Patrona com quase 2 metros de comprimento, \u201cpicou\u201d sua m\u00e3o esquerda e evadiu-se do local.<\/p>\n<p>Neste S\u00e1bado (09), completa uma semana que o jovem foi picado por uma Cobra Patrona, teve sua sa\u00fade complicada e foi parar na UTI (unidade de terapia intensiva)<\/p>\n<p style=\"text-align: center;\"><a href=\"http:\/\/www.blogdotarugao.com.br\/v1\/wp-content\/uploads\/2014\/08\/eu1.jpg\" class=\"gallery_colorbox\"><img loading=\"lazy\" class=\"aligncenter  wp-image-14487\" alt=\"eu1\" src=\"http:\/\/www.blogdotarugao.com.br\/v1\/wp-content\/uploads\/2014\/08\/eu1.jpg\"  width=\"622\" height=\"466\" srcset=\"https:\/\/www.blogdotarugao.com.br\/v1\/wp-content\/uploads\/2014\/08\/eu1.jpg 960w, https:\/\/www.blogdotarugao.com.br\/v1\/wp-content\/uploads\/2014\/08\/eu1-300x225.jpg 300w\" sizes=\"(max-width: 622px) 100vw, 622px\" \/><\/a><\/p>\n<p>Jonatas vem se recuperando lentamente e em alguns dias poder\u00e1 ter alta, mas dois pontos tem quer ser frisados pois o rapaz poderia n\u00e3o est\u00e1 mais vivo hoje.<\/p>\n<p><img alt=\"\" src=\"http:\/\/super.abril.com.br\/imagem\/serpente-cascavel-de-quatro-ventas.jpg\" \/><\/p>\n<p>Primeiro foi a falta de aten\u00e7\u00e3o e dos primeiros socorros em Itoror\u00f3, onde o rapaz passou o s\u00e1bado e domingo sem tomar o rem\u00e9dio, contra o veneno da Cobra (ant\u00eddoto).<\/p>\n<p><img alt=\"\" src=\"http:\/\/www.cuidadocomasaude.com\/wp-content\/uploads\/2014\/05\/cobras-perigosas.jpg\" \/><\/p>\n<p>Segundo \u00e9 que se o rapaz n\u00e3o fosse muito saud\u00e1vel e jovem, as complica\u00e7\u00f5es em sua sa\u00fade seriam muito mais graves, pois poderia at\u00e9 sofrer insufici\u00eancia renal ( Fal\u00eancia do \u00f3rg\u00e3os) o qual o levaria a morte.<\/p>\n<p><strong>Por Eliomar Barreira<\/strong><\/p>\n<p><span style=\"color: #0000ff;\">Entenda o Caso<!--more--><\/span><\/p>\n<h2><a title=\"Permanent Link to Jovem de Rio do Meio \u00e9 \u201cpicado\u201d por Cobra Patrona e vai parar na UTI do Cristo Redentor\" href=\"http:\/\/www.blogdotarugao.com.br\/v1\/2014\/08\/05\/jovem-de-rio-do-meio-e-picado-por-cobra-patrona-e-vai-parar-na-uti\/\" rel=\"bookmark\">Jovem de Rio do Meio \u00e9 \u201cpicado\u201d por Cobra Patrona e vai parar na UTI do Cristo Redentor<\/a><\/h2>\n<div><img loading=\"lazy\" alt=\"PostDateIcon\" src=\"http:\/\/www.blogdotarugao.com.br\/v1\/wp-content\/themes\/tarugao1\/images\/PostDateIcon.png\" width=\"18\" height=\"18\" \/>\u00a05\/ago\/2014 . 13:32 |\u00a0<img loading=\"lazy\" alt=\"PostEditIcon\" src=\"http:\/\/www.blogdotarugao.com.br\/v1\/wp-content\/themes\/tarugao1\/images\/PostEditIcon.png\" width=\"15\" height=\"15\" \/>\u00a0<a href=\"http:\/\/www.blogdotarugao.com.br\/v1\/wp-admin\/post.php?post=14214&amp;action=edit\">Editar<\/a><\/div>\n<div>\n<p><img loading=\"lazy\" alt=\"\" src=\"https:\/\/scontent-a-iad.xx.fbcdn.net\/hphotos-xap1\/t1.0-9\/10405307_545097465618361_8003852270669729784_n.jpg\" width=\"538\" height=\"403\" \/><\/p>\n<p><img loading=\"lazy\" alt=\"\" src=\"https:\/\/fbcdn-sphotos-e-a.akamaihd.net\/hphotos-ak-xfp1\/v\/t1.0-9\/10485885_545097522285022_3876751356899479845_n.jpg?oh=defe0d325820a4952fdd732d7a7748f0&amp;oe=543DA305&amp;__gda__=1414023820_13b7779566f0266c66c136aca97f6294\" width=\"576\" height=\"432\" \/><\/p>\n<p>No \u00faltimo s\u00e1bado (02) por volta de 10hs, o Jovem Jonatas Freitas dos Santos de 19 anos, morador do Rio do Meio foi picado por uma cobra muito venenosa, o rapaz estava distra\u00eddo e s\u00f3 sentiu a \u201cpicada\u201d.<img alt=\"\" src=\"http:\/\/super.abril.com.br\/imagem\/serpente-cascavel-de-quatro-ventas.jpg\" \/><\/p>\n<p><img alt=\"\" src=\"http:\/\/1.bp.blogspot.com\/--jP9YpqxpbQ\/T-D2zD6GoCI\/AAAAAAAAAcg\/LKYREAtVLsU\/s1600\/cotiaria+2.jpg\" \/><\/p>\n<p>Segundo o Jovem a cobra conhecida como Patrona com quase 2 metros de comprimento, \u201cpicou\u201d sua m\u00e3o esquerda e evadiu-se do local.<img alt=\"\" src=\"http:\/\/upload.wikimedia.org\/wikipedia\/commons\/d\/d9\/Jararacu%C3%A7u.jpg\" \/><\/p>\n<p>Jonata foi atendido no hospital de Itoror\u00f3 e ficou intarnado o dia de ontem, o mesmo foi encaminhado HCR\/ Funda\u00e7\u00e3o Jos\u00e9 Silveira em Itapetinga nesta segunda (04), vele lembrar que nem um procedimento foi realizado na cidade de Itoror\u00f3.<\/p>\n<p><strong>Consequ\u00eancia da picada<\/strong><\/p>\n<p><img alt=\"\" src=\"http:\/\/www.cuidadocomasaude.com\/wp-content\/uploads\/2014\/05\/cobras-perigosas.jpg\" \/><img alt=\"\" src=\"http:\/\/www.saudeanimal.com.br\/imagens\/picada_cobra.jpg\" \/><\/p>\n<p>A m\u00e3o esquerda de Jonata encontra-se cheia de bolhas e inchada, o bra\u00e7o muito inchado e ele teve v\u00e1rias complica\u00e7\u00f5es por conta do veneno da cobra patrona.<br \/>\nA rea\u00e7\u00e3o \u00e0 picada depende do tipo de cobra, da parte do corpo mordida, da quantidade de veneno introduzido no organismo, do modo como as presas se prenderam no corpo e do peso da v\u00edtima. Imediatamente ap\u00f3s a mordida, a pessoa pode come\u00e7ar a sentir:<br \/>\n&#8211; dor<br \/>\n&#8211; n\u00e1useas<br \/>\n&#8211; palidez<br \/>\n&#8211; pulso fraco<br \/>\n&#8211; rigidez na nuca<br \/>\n&#8211; vis\u00e3o confusa<br \/>\n&#8211; perda da consci\u00eancia<\/p>\n<p>Essa cobra \u00e9 muito venenosa e devido as complica\u00e7\u00f5es de sa\u00fade que o rapaz teve, o mesmo foi parar na UTI (unidade de terapia intensiva). Ainda existe o risco de ter problemas com os rins, insufici\u00eancia renal. Segundo informa\u00e7\u00f5es colhida pela nossa reportagem.<\/p>\n<p><img alt=\"\" src=\"http:\/\/cabuloso.xpg.uol.com.br\/portal\/images\/galleries\/13826\/57097.jpg\" \/><\/p>\n<p><img alt=\"\" src=\"http:\/\/cabuloso.xpg.uol.com.br\/cirurgias\/Fotos-Picada-da-Cobra-Cascavel\/fotos\/12.jpg\" \/><\/p>\n<p><img alt=\"\" src=\"http:\/\/www.pimentavirtual.com.br\/gcfavalessa\/albuns\/20130504161622\/grande\/quando-toda-sua-vida-e-destruida-pela-a-picada-de-uma-cobra-e-lhe-bate-um-desespero-imagens-fortes489x346_5758aicitonp17pisq0nn1eto7sndra14dbuue8.jpg\" \/><\/p>\n<p><img alt=\"\" src=\"http:\/\/www.podagaita.com\/img\/fotos\/picada%20de%20cobra%208.jpg\" \/><\/p>\n<p><img alt=\"\" src=\"http:\/\/cabuloso.xpg.uol.com.br\/cirurgias\/Fotos-Picada-da-Cobra-Cascavel\/fotos\/Picada_cascavel.jpg\" \/><\/p>\n<p>Sentindo muita dor e\u00a0sem poder movimentar o bra\u00e7o, o rapaz encontra-se na regula\u00e7\u00e3o e espera uma transfer\u00eancia para Vit\u00f3ria da Conquista ou Itabuna.<\/p>\n<p>Na minha humilde opini\u00e3o o problema de sa\u00fade do rapaz, provocado pela \u201cpicada\u201d da cobra patrona \u00e9 grave.<\/p>\n<p>Cobra Patrona: (Bothrops jararacussu Lacerda, conhecida vulgarmente como jararacu\u00e7u, jararacu\u00e7u-verdadeiro, surucucu, surucucu-dourada, surucucu-tapete, urutu-dourado, urutu-estrela e patrona1 , \u00e9 uma v\u00edbora venenosa da fam\u00edlia dos viper\u00eddeos. De at\u00e9 2 m de comprimento e colora\u00e7\u00e3o dorsal vari\u00e1vel entre cinza, rosa, amarelo, marrom ou preto, com manchas triangulares marrom-escuras. \u00c9 encontrada na Bol\u00edvia, Brasil (Bahia e Mato Grosso at\u00e9 o Rio Grande do Sul), Paraguai e Argentina.)<\/p>\n<p><strong>Por Eliomar Barreira<\/strong><\/p>\n<\/div>\n","protected":false},"excerpt":{"rendered":"<p>No \u00faltimo s\u00e1bado (02) por volta de 10hs, o Jovem Jonatas Freitas dos Santos de 19 anos, morador do Rio do Meio foi picado por uma cobra muito venenosa, o rapaz estava distra\u00eddo e s\u00f3 sentiu a \u201cpicada\u201d. Segundo o Jovem a cobra conhecida como Patrona com quase 2 metros de comprimento, \u201cpicou\u201d sua m\u00e3o [&hellip;]<\/p>\n","protected":false},"author":2,"featured_media":0,"comment_status":"open","ping_status":"open","sticky":false,"template":"","format":"standard","meta":{"_links_to":"","_links_to_target":""},"categories":[6,2,1,12],"tags":[],"_links":{"self":[{"href":"https:\/\/www.blogdotarugao.com.br\/v1\/wp-json\/wp\/v2\/posts\/14481"}],"collection":[{"href":"https:\/\/www.blogdotarugao.com.br\/v1\/wp-json\/wp\/v2\/posts"}],"about":[{"href":"https:\/\/www.blogdotarugao.com.br\/v1\/wp-json\/wp\/v2\/types\/post"}],"author":[{"embeddable":true,"href":"https:\/\/www.blogdotarugao.com.br\/v1\/wp-json\/wp\/v2\/users\/2"}],"replies":[{"embeddable":true,"href":"https:\/\/www.blogdotarugao.com.br\/v1\/wp-json\/wp\/v2\/comments?post=14481"}],"version-history":[{"count":6,"href":"https:\/\/www.blogdotarugao.com.br\/v1\/wp-json\/wp\/v2\/posts\/14481\/revisions"}],"predecessor-version":[{"id":14644,"href":"https:\/\/www.blogdotarugao.com.br\/v1\/wp-json\/wp\/v2\/posts\/14481\/revisions\/14644"}],"wp:attachment":[{"href":"https:\/\/www.blogdotarugao.com.br\/v1\/wp-json\/wp\/v2\/media?parent=14481"}],"wp:term":[{"taxonomy":"category","embeddable":true,"href":"https:\/\/www.blogdotarugao.com.br\/v1\/wp-json\/wp\/v2\/categories?post=14481"},{"taxonomy":"post_tag","embeddable":true,"href":"https:\/\/www.blogdotarugao.com.br\/v1\/wp-json\/wp\/v2\/tags?post=14481"}],"curies":[{"name":"wp","href":"https:\/\/api.w.org\/{rel}","templated":true}]}}