{"id":14652,"date":"2014-08-11T20:59:30","date_gmt":"2014-08-11T23:59:30","guid":{"rendered":"http:\/\/www.blogdotarugao.com.br\/v1\/?p=14652"},"modified":"2014-08-11T20:59:30","modified_gmt":"2014-08-11T23:59:30","slug":"menino-de-10-anos-e-2-metros-de-altura-sofre-com-gigantismo-em-goias","status":"publish","type":"post","link":"https:\/\/www.blogdotarugao.com.br\/v1\/2014\/08\/11\/menino-de-10-anos-e-2-metros-de-altura-sofre-com-gigantismo-em-goias\/","title":{"rendered":"Menino de 10 anos e 2 metros de altura sofre com gigantismo em Goi\u00e1s"},"content":{"rendered":"<div>Segundo a m\u00e3e do menino, a expectativa dos m\u00e9dicos \u00e9 que ele fique com at\u00e9 2,7 metros<\/div>\n<div><a href=\"http:\/\/w2.c24hsttc.net\/uploads\/RTEmagicC_gigantismo_-_reprod_tv_anhanguera.jpg.jpg\" class=\"gallery_colorbox\"><img loading=\"lazy\" style=\"border: 0px;\" alt=\"\" src=\"http:\/\/w2.c24hsttc.net\/uploads\/RTEmagicC_gigantismo_-_reprod_tv_anhanguera.jpg.jpg\"  width=\"496\" height=\"328\" border=\"0\" \/><\/a><\/div>\n<div>S\u00e9rgio Gabriel Ribeiro Gomes tem 10 anos, mas j\u00e1 n\u00e3o cabe na cama onde dorme e consegue tocar no teto da sua casa. O estudante da cidade de Novo Gama, em Goi\u00e1s, sofre de gigantismo e mesmo t\u00e3o novo j\u00e1 mede 2 metros de altura.<\/div>\n<div><\/div>\n<div>Segundo informa\u00e7\u00f5es do G1 Goi\u00e1s, S\u00e9rgio foi diagnosticado com a doen\u00e7a com cinco anos de idade e a m\u00e3e do menino, Ricardene Barreira, diz que a expectativa dos m\u00e9dicos \u00e9 que ele fique com at\u00e9 2,7 metros de altura.<\/div>\n<div><\/div>\n<div>Al\u00e9m de dificuldades no dia a dia, a altura exagerada para a idade tamb\u00e9m provoca problemas de sa\u00fade no estudante. &#8220;De vez em quando tem convuls\u00e3o, muita dor de cabe\u00e7a, dor nas pernas\u201d, relata Ricardene ao G1 Goi\u00e1s. O gigantismo \u00e9 uma doen\u00e7a rara, provocada pela produ\u00e7\u00e3o em excesso do horm\u00f4nio do crescimento.<\/div>\n<div><a href=\"http:\/\/w3.c24hsttc.net\/uploads\/RTEmagicC_gigantismo2_-_reprod_tv_anhanguera.jpg.jpg\" class=\"gallery_colorbox\"><img loading=\"lazy\" style=\"border: 0px;\" alt=\"\" src=\"http:\/\/w3.c24hsttc.net\/uploads\/RTEmagicC_gigantismo2_-_reprod_tv_anhanguera.jpg.jpg\"  width=\"496\" height=\"310\" border=\"0\" \/><\/a><\/div>\n<div><\/div>\n<div>De acordo com ela, a fam\u00edlia conseguiu um tratamento para o menino apenas no \u00faltimo dia 5 de agosto. Ele passou por uma consulta e ser\u00e1 atendido no Hospital Universit\u00e1rio de Bras\u00edlia.<\/div>\n","protected":false},"excerpt":{"rendered":"<p>Segundo a m\u00e3e do menino, a expectativa dos m\u00e9dicos \u00e9 que ele fique com at\u00e9 2,7 metros S\u00e9rgio Gabriel Ribeiro Gomes tem 10 anos, mas j\u00e1 n\u00e3o cabe na cama onde dorme e consegue tocar no teto da sua casa. O estudante da cidade de Novo Gama, em Goi\u00e1s, sofre de gigantismo e mesmo t\u00e3o [&hellip;]<\/p>\n","protected":false},"author":2,"featured_media":0,"comment_status":"open","ping_status":"open","sticky":false,"template":"","format":"standard","meta":{"_links_to":"","_links_to_target":""},"categories":[1,12],"tags":[],"_links":{"self":[{"href":"https:\/\/www.blogdotarugao.com.br\/v1\/wp-json\/wp\/v2\/posts\/14652"}],"collection":[{"href":"https:\/\/www.blogdotarugao.com.br\/v1\/wp-json\/wp\/v2\/posts"}],"about":[{"href":"https:\/\/www.blogdotarugao.com.br\/v1\/wp-json\/wp\/v2\/types\/post"}],"author":[{"embeddable":true,"href":"https:\/\/www.blogdotarugao.com.br\/v1\/wp-json\/wp\/v2\/users\/2"}],"replies":[{"embeddable":true,"href":"https:\/\/www.blogdotarugao.com.br\/v1\/wp-json\/wp\/v2\/comments?post=14652"}],"version-history":[{"count":1,"href":"https:\/\/www.blogdotarugao.com.br\/v1\/wp-json\/wp\/v2\/posts\/14652\/revisions"}],"predecessor-version":[{"id":14654,"href":"https:\/\/www.blogdotarugao.com.br\/v1\/wp-json\/wp\/v2\/posts\/14652\/revisions\/14654"}],"wp:attachment":[{"href":"https:\/\/www.blogdotarugao.com.br\/v1\/wp-json\/wp\/v2\/media?parent=14652"}],"wp:term":[{"taxonomy":"category","embeddable":true,"href":"https:\/\/www.blogdotarugao.com.br\/v1\/wp-json\/wp\/v2\/categories?post=14652"},{"taxonomy":"post_tag","embeddable":true,"href":"https:\/\/www.blogdotarugao.com.br\/v1\/wp-json\/wp\/v2\/tags?post=14652"}],"curies":[{"name":"wp","href":"https:\/\/api.w.org\/{rel}","templated":true}]}}