{"id":14710,"date":"2014-08-12T14:49:18","date_gmt":"2014-08-12T17:49:18","guid":{"rendered":"http:\/\/www.blogdotarugao.com.br\/v1\/?p=14710"},"modified":"2014-08-12T14:49:18","modified_gmt":"2014-08-12T17:49:18","slug":"acidente-fusca-x-motocicleta-no-quintas-do-morumbi-durante-conversao-perigosa","status":"publish","type":"post","link":"https:\/\/www.blogdotarugao.com.br\/v1\/2014\/08\/12\/acidente-fusca-x-motocicleta-no-quintas-do-morumbi-durante-conversao-perigosa\/","title":{"rendered":"ACIDENTE: FUSCA X MOTOCICLETA NO QUINTAS DO MORUMBI DURANTE CONVERS\u00c3O PERIGOSA\u2026"},"content":{"rendered":"<p><a href=\"http:\/\/www.itapetinganamidia.com\/wp-content\/uploads\/2014\/08\/Acidente-3.jpg\" class=\"gallery_colorbox\"><img alt=\"Acidente 3\" src=\"http:\/\/www.itapetinganamidia.com\/wp-content\/uploads\/2014\/08\/Acidente-3.jpg\"  \/><\/a>Um acidente automobil\u00edstico foi registrado na manh\u00e3 desta ter\u00e7a-feira, 12\/08\/14, nas imedia\u00e7\u00f5es do Motel Del Sol, no bairro Quintas do Morumbi, no cruzamento da BA-263, com uma entrada n\u00e3o sinalizada.<\/p>\n<p>De acordo com informa\u00e7\u00f5es obtidas no local, o motorista do Fusca branco, de placa n\u00e3o revelada, o Sr. Selvino Jos\u00e9 dos Santos, 63 anos, estava deixando o bairro Quintas do Morumbi, para entrar na BA-263, sentido UESB\/Parque da Lagoa, quando provocou o acidente.<\/p>\n<p><a href=\"http:\/\/www.itapetinganamidia.com\/wp-content\/uploads\/2014\/08\/Acidente-6.jpg\" class=\"gallery_colorbox\"><img alt=\"Acidente 6\" src=\"http:\/\/www.itapetinganamidia.com\/wp-content\/uploads\/2014\/08\/Acidente-6.jpg\"  \/><\/a>A motocicleta Honda NXR Bros 150, cor preta, conduzida por Rafael de Souza dos Santos, trafegava no sentido contr\u00e1rio (Trevo \/ Uesb), quando houve a colis\u00e3o inevit\u00e1vel. Rafel sofreu algumas escoria\u00e7\u00f5es pelo corpo, com suspeita de fratura no f\u00eamur e na bacia, sendo socorrido pela equipe do SAMU que o encaminhou ao Pronto Socorro do HCR, onde foi atendido por uma equipe m\u00e9dica de plant\u00e3o e em seguida submetido a Raio-X.<\/p>\n<p>A Pol\u00edcia Rodovi\u00e1ria Estadual esteve no local para registro de Boletim de Ocorr\u00eancia e ordenamento do tr\u00e1fego na pista da BA-263. Os ve\u00edculos envolvidos no acidente foram guinchados e levados para o p\u00e1tio da PRE de Itapetinga, na altura do km 5.<\/p>\n<p><a href=\"http:\/\/www.itapetinganamidia.com\/wp-content\/uploads\/2014\/08\/Acidente-11.jpg\" class=\"gallery_colorbox\"><img loading=\"lazy\" alt=\"Acidente 1\" src=\"http:\/\/www.itapetinganamidia.com\/wp-content\/uploads\/2014\/08\/Acidente-11.jpg\"  width=\"653\" height=\"490\" \/><\/a><a href=\"http:\/\/www.itapetinganamidia.com\/wp-content\/uploads\/2014\/08\/Acidente-21.jpg\" class=\"gallery_colorbox\"><img loading=\"lazy\" alt=\"Acidente 2\" src=\"http:\/\/www.itapetinganamidia.com\/wp-content\/uploads\/2014\/08\/Acidente-21.jpg\"  width=\"653\" height=\"490\" \/><\/a><a href=\"http:\/\/www.itapetinganamidia.com\/wp-content\/uploads\/2014\/08\/Acidente-41.jpg\" class=\"gallery_colorbox\"><img loading=\"lazy\" alt=\"Acidente 4\" src=\"http:\/\/www.itapetinganamidia.com\/wp-content\/uploads\/2014\/08\/Acidente-41.jpg\"  width=\"640\" height=\"427\" \/><\/a><a href=\"http:\/\/www.itapetinganamidia.com\/wp-content\/uploads\/2014\/08\/Acidente-5.jpg\" class=\"gallery_colorbox\"><img loading=\"lazy\" alt=\"Acidente 5\" src=\"http:\/\/www.itapetinganamidia.com\/wp-content\/uploads\/2014\/08\/Acidente-5.jpg\"  width=\"640\" height=\"427\" \/><\/a><a href=\"http:\/\/www.itapetinganamidia.com\/wp-content\/uploads\/2014\/08\/Acidente.jpg\" class=\"gallery_colorbox\"><img loading=\"lazy\" alt=\"Acidente\" src=\"http:\/\/www.itapetinganamidia.com\/wp-content\/uploads\/2014\/08\/Acidente.jpg\"  width=\"653\" height=\"490\" \/><\/a><\/p>\n<p><strong>Fonte: Itapetinga na M\u00eddia<\/strong><\/p>\n","protected":false},"excerpt":{"rendered":"<p>Um acidente automobil\u00edstico foi registrado na manh\u00e3 desta ter\u00e7a-feira, 12\/08\/14, nas imedia\u00e7\u00f5es do Motel Del Sol, no bairro Quintas do Morumbi, no cruzamento da BA-263, com uma entrada n\u00e3o sinalizada. De acordo com informa\u00e7\u00f5es obtidas no local, o motorista do Fusca branco, de placa n\u00e3o revelada, o Sr. Selvino Jos\u00e9 dos Santos, 63 anos, estava [&hellip;]<\/p>\n","protected":false},"author":2,"featured_media":0,"comment_status":"open","ping_status":"open","sticky":false,"template":"","format":"standard","meta":{"_links_to":"","_links_to_target":""},"categories":[28,2],"tags":[],"_links":{"self":[{"href":"https:\/\/www.blogdotarugao.com.br\/v1\/wp-json\/wp\/v2\/posts\/14710"}],"collection":[{"href":"https:\/\/www.blogdotarugao.com.br\/v1\/wp-json\/wp\/v2\/posts"}],"about":[{"href":"https:\/\/www.blogdotarugao.com.br\/v1\/wp-json\/wp\/v2\/types\/post"}],"author":[{"embeddable":true,"href":"https:\/\/www.blogdotarugao.com.br\/v1\/wp-json\/wp\/v2\/users\/2"}],"replies":[{"embeddable":true,"href":"https:\/\/www.blogdotarugao.com.br\/v1\/wp-json\/wp\/v2\/comments?post=14710"}],"version-history":[{"count":1,"href":"https:\/\/www.blogdotarugao.com.br\/v1\/wp-json\/wp\/v2\/posts\/14710\/revisions"}],"predecessor-version":[{"id":14711,"href":"https:\/\/www.blogdotarugao.com.br\/v1\/wp-json\/wp\/v2\/posts\/14710\/revisions\/14711"}],"wp:attachment":[{"href":"https:\/\/www.blogdotarugao.com.br\/v1\/wp-json\/wp\/v2\/media?parent=14710"}],"wp:term":[{"taxonomy":"category","embeddable":true,"href":"https:\/\/www.blogdotarugao.com.br\/v1\/wp-json\/wp\/v2\/categories?post=14710"},{"taxonomy":"post_tag","embeddable":true,"href":"https:\/\/www.blogdotarugao.com.br\/v1\/wp-json\/wp\/v2\/tags?post=14710"}],"curies":[{"name":"wp","href":"https:\/\/api.w.org\/{rel}","templated":true}]}}