{"id":14752,"date":"2014-08-13T11:29:25","date_gmt":"2014-08-13T14:29:25","guid":{"rendered":"http:\/\/www.blogdotarugao.com.br\/v1\/?p=14752"},"modified":"2014-08-13T11:29:25","modified_gmt":"2014-08-13T14:29:25","slug":"campos-dribla-ataque-de-jn-e-ataca-dilma-citando-goleada-de-7-a-1","status":"publish","type":"post","link":"https:\/\/www.blogdotarugao.com.br\/v1\/2014\/08\/13\/campos-dribla-ataque-de-jn-e-ataca-dilma-citando-goleada-de-7-a-1\/","title":{"rendered":"Campos dribla ataque de JN e ataca Dilma citando goleada de 7 a 1"},"content":{"rendered":"<h2 id=\"noticia-olho\">Bem treinado, candidato falou sobre den\u00fancia de nepotismo e teve tempo de se apresentar como oposi\u00e7\u00e3o ao PT e PSDB<\/h2>\n<div id=\"noticia\" itemprop=\"articleBody\">\n<p>O candidato do PSB \u00e0 presid\u00eancia, Eduardo Campos, aproveitou como p\u00f4de os 15 minutos oferecidos a ele nesta ter\u00e7a-feira (12) pelo Jornal Nacional, telejornal da Rede Globo que costuma ter a m\u00e9dia di\u00e1ria de 36 milh\u00f5es de telespectadores. Bem treinado e demonstrando tranquilidade, o ex-governador de Pernambuco se esquivou sobre den\u00fancias de nepotismo, driblou a contradi\u00e7\u00e3o de fazer oposi\u00e7\u00e3o \u00e0 ex-aliada presidente Dilma Rousseff e, invocando a vice Marina Silva, teve tempo de se apresentar como oposi\u00e7\u00e3o ao ironizar e comparar o desenvolvimento do Brasil, \u201cequivalente \u00e0 goleada da Alemanha sobre o Brasil por 7 a 1\u201d, segundo ele.<\/p>\n<p>A apresentadora Patr\u00edcia Poeta come\u00e7ou a entrevista perguntando a Campos se ele estava disposto a fazer cortes de gastos para aquecer a economia em seu mandato. O candidato saiu pela tangente, mas a apresentadora voltou ao tema. Ele ent\u00e3o preferiu\u00a0<a id=\"FALINK_2_0_1\" href=\"http:\/\/ultimosegundo.ig.com.br\/politica\/2014-08-12\/campos-dribla-ataque-de-jn-e-ataca-dilma-com-goleada-de-7-a-1.html#\">jogar<\/a>\u00a0a quest\u00e3o para o espectador, dizendo que a infla\u00e7\u00e3o estava alta e que o salario \u201cn\u00e3o d\u00e1 para o m\u00eas inteiro\u201d.<\/p>\n<figure><img loading=\"lazy\" alt=\"\" src=\"http:\/\/i0.statig.com.br\/bancodeimagens\/62\/84\/by\/6284byq2e5e970x5fbhc3ird0.jpg\" width=\"456\" height=\"286\" \/><figcaption><cite>Reprodu\u00e7\u00e3o<\/cite><\/p>\n<div>O presidenci\u00e1vel Eduardo Campos (PSB)foi entrevistado nesta ter\u00e7a-feira (12) pelos apresentadores do Jornal Nacional (Globo)<\/div>\n<\/figcaption><\/figure>\n<p>&nbsp;<\/p>\n<p>\u00c0 vontade, Campos disse que 2015 ser\u00e1 um ano melhor economicamente que 2014, \u201co mais dif\u00edcil\u201d. \u201cO Brasil perdeu de 7 a 1 na Copa e est\u00e1 perdendo fora [de campo]. \u00c9 7% de infla\u00e7\u00e3o e 1% de crescimento. Vamos terminar melhor do que 2014&#8243;, apostou o candidato do PSB.<\/p>\n<p>Em tom de \u201cchega de jogar conversa fora\u201d, \u00a0o apresentador Willian Bonner foi incisivo ao perguntar sobre a intensa campanha que Campos teria feito em 2011 no Congresso Nacional para eleger a m\u00e3e Ana Arraes para a vaga que ela ocupa hoje no \u00a0Tribunal de Contas da Uni\u00e3o (TCU), respons\u00e1vel por fiscalizar as contas do Governo Federal, que o candidato do PSB deseja comandar a partir do ano que vem.<\/p>\n<p>Como puderam perceber os telespectadores do JN, Campos ficou visivelmente constrangido com a quest\u00e3o e levou alguns segundos pensando em como respond\u00ea-la. Ali\u00e1s, este foi o \u00fanico momento da entrevista em que ele pareceu estar desconfort\u00e1vel. \u00a0 Rapidamente recuperado, o ex-governador negou qualquer interfer\u00eancia e respondeu a pergunta exaltando o curr\u00edculo da m\u00e3e, dizendo que ela \u00e9 funcion\u00e1ria p\u00fablica concursada e foi eleita deputada duas vezes.<\/p>\n<p>\u201cDisputou uma elei\u00e7\u00e3o, ganhou no voto e foi ser ministra\u201d, argumentou Campos, se colocando na posi\u00e7\u00e3o de mero expectador da elei\u00e7\u00e3o de Ana Arraes para o TCU. \u201cEu apenas torci para que ela ganhasse&#8221;, minimizou o candidato.<\/p>\n<p>Buscando reverter o constrangimento, Campos aproveitou para sugerir que o Brasil fa\u00e7a \u201cum comit\u00ea de busca\u201d para discutir as\u00a0<a id=\"FALINK_1_0_0\" href=\"http:\/\/ultimosegundo.ig.com.br\/politica\/2014-08-12\/campos-dribla-ataque-de-jn-e-ataca-dilma-com-goleada-de-7-a-1.html#\">vagas<\/a>\u00a0vital\u00edcias de magistrados. \u201cO Brasil precisa fazer uma reforma para oxigenar os tribunais e que esse processo seja impessoal.\u201d<\/p>\n<p><strong>Contradi\u00e7\u00f5es no passado e na alian\u00e7a\u00a0<\/strong><\/p>\n<p>Campos tamb\u00e9m foi questionado a respeito da contradi\u00e7\u00e3o que a sua alian\u00e7a com Marina vive na quest\u00e3o ambiental. Partido do ex-governador, o PSB tem fortes la\u00e7os com os ruralistas. Sua vice, no entanto, \u00e9 fortemente cr\u00edtica ao agroneg\u00f3cio, setor que Bonner apontou como respons\u00e1vel por sustentar a economia do Brasil nos \u00faltimos anos.<\/p>\n<p>Mas Campos conseguiu se esquivar, inclusive defendendo sua candidata \u00e0 vice. \u201cNossa bancada rachou, mas eu defendi a posi\u00e7\u00e3o representada por Marina&#8221;, argumentou Campos, falando da aprova\u00e7\u00e3o do C\u00f3digo Florestal no Congresso.<\/p>\n<\/div>\n","protected":false},"excerpt":{"rendered":"<p>Bem treinado, candidato falou sobre den\u00fancia de nepotismo e teve tempo de se apresentar como oposi\u00e7\u00e3o ao PT e PSDB O candidato do PSB \u00e0 presid\u00eancia, Eduardo Campos, aproveitou como p\u00f4de os 15 minutos oferecidos a ele nesta ter\u00e7a-feira (12) pelo Jornal Nacional, telejornal da Rede Globo que costuma ter a m\u00e9dia di\u00e1ria de 36 [&hellip;]<\/p>\n","protected":false},"author":2,"featured_media":0,"comment_status":"open","ping_status":"open","sticky":false,"template":"","format":"standard","meta":{"_links_to":"","_links_to_target":""},"categories":[29,1],"tags":[],"_links":{"self":[{"href":"https:\/\/www.blogdotarugao.com.br\/v1\/wp-json\/wp\/v2\/posts\/14752"}],"collection":[{"href":"https:\/\/www.blogdotarugao.com.br\/v1\/wp-json\/wp\/v2\/posts"}],"about":[{"href":"https:\/\/www.blogdotarugao.com.br\/v1\/wp-json\/wp\/v2\/types\/post"}],"author":[{"embeddable":true,"href":"https:\/\/www.blogdotarugao.com.br\/v1\/wp-json\/wp\/v2\/users\/2"}],"replies":[{"embeddable":true,"href":"https:\/\/www.blogdotarugao.com.br\/v1\/wp-json\/wp\/v2\/comments?post=14752"}],"version-history":[{"count":1,"href":"https:\/\/www.blogdotarugao.com.br\/v1\/wp-json\/wp\/v2\/posts\/14752\/revisions"}],"predecessor-version":[{"id":14753,"href":"https:\/\/www.blogdotarugao.com.br\/v1\/wp-json\/wp\/v2\/posts\/14752\/revisions\/14753"}],"wp:attachment":[{"href":"https:\/\/www.blogdotarugao.com.br\/v1\/wp-json\/wp\/v2\/media?parent=14752"}],"wp:term":[{"taxonomy":"category","embeddable":true,"href":"https:\/\/www.blogdotarugao.com.br\/v1\/wp-json\/wp\/v2\/categories?post=14752"},{"taxonomy":"post_tag","embeddable":true,"href":"https:\/\/www.blogdotarugao.com.br\/v1\/wp-json\/wp\/v2\/tags?post=14752"}],"curies":[{"name":"wp","href":"https:\/\/api.w.org\/{rel}","templated":true}]}}