{"id":14786,"date":"2014-08-13T15:04:06","date_gmt":"2014-08-13T18:04:06","guid":{"rendered":"http:\/\/www.blogdotarugao.com.br\/v1\/?p=14786"},"modified":"2014-08-13T15:04:06","modified_gmt":"2014-08-13T18:04:06","slug":"marina-silva-embarcaria-no-aviao-em-que-estava-eduardo-campos","status":"publish","type":"post","link":"https:\/\/www.blogdotarugao.com.br\/v1\/2014\/08\/13\/marina-silva-embarcaria-no-aviao-em-que-estava-eduardo-campos\/","title":{"rendered":"Marina Silva embarcaria no avi\u00e3o em que estava Eduardo Campos"},"content":{"rendered":"<p>Segundo a colunista M\u00f4nica\u00a0<a id=\"FALINK_1_0_0\" href=\"http:\/\/www.correio24horas.com.br\/#\">Bergamo<\/a>, da Folha de S\u00e3o Paulo, candidata a vice-presid\u00eancia est\u00e1 em choque e n\u00e3o vai falar agora<\/p>\n<p>Candidata a vice-presidente na chapa de Eduardo Campos, a ex-senadora Marina Silva embarcaria no mesmo avi\u00e3o que o companheiro pol\u00edtico.<\/p>\n<p>Ela tamb\u00e9m estava no Rio de Janeiro e iria para o Guaruj\u00e1, mas mudou a rota, embarcando em um avi\u00e3o de carreira com assessores. As informa\u00e7\u00f5es s\u00e3o de M\u00f4nica Bergamo, colunista da Folha de S\u00e3o Paulo.<\/p>\n<table summary=\"\">\n<thead>\n<tr>\n<th scope=\"col\"><img loading=\"lazy\" alt=\"\" src=\"http:\/\/w1.c24hsttc.net\/uploads\/RTEmagicC_9c60c1024b.jpg.jpg\" width=\"620\" height=\"391\" \/><\/th>\n<\/tr>\n<\/thead>\n<tbody>\n<tr>\n<td><\/td>\n<\/tr>\n<\/tbody>\n<\/table>\n<p>De acordo com o site do jornal, Marina Silva est\u00e1 em choque e n\u00e3o vai falar sobre o assunto. Desde a manh\u00e3, quando aconteceu no acidente, Marina e integrantes da campanha tentavam confirmar se o candidato estava na aeronave.\u00a0Segundo o partido Rede Sustentabilidade (Rede), ela seguiu para Santos.<\/p>\n","protected":false},"excerpt":{"rendered":"<p>Segundo a colunista M\u00f4nica\u00a0Bergamo, da Folha de S\u00e3o Paulo, candidata a vice-presid\u00eancia est\u00e1 em choque e n\u00e3o vai falar agora Candidata a vice-presidente na chapa de Eduardo Campos, a ex-senadora Marina Silva embarcaria no mesmo avi\u00e3o que o companheiro pol\u00edtico. Ela tamb\u00e9m estava no Rio de Janeiro e iria para o Guaruj\u00e1, mas mudou a [&hellip;]<\/p>\n","protected":false},"author":2,"featured_media":0,"comment_status":"open","ping_status":"open","sticky":false,"template":"","format":"standard","meta":{"_links_to":"","_links_to_target":""},"categories":[37,21,1,7],"tags":[],"_links":{"self":[{"href":"https:\/\/www.blogdotarugao.com.br\/v1\/wp-json\/wp\/v2\/posts\/14786"}],"collection":[{"href":"https:\/\/www.blogdotarugao.com.br\/v1\/wp-json\/wp\/v2\/posts"}],"about":[{"href":"https:\/\/www.blogdotarugao.com.br\/v1\/wp-json\/wp\/v2\/types\/post"}],"author":[{"embeddable":true,"href":"https:\/\/www.blogdotarugao.com.br\/v1\/wp-json\/wp\/v2\/users\/2"}],"replies":[{"embeddable":true,"href":"https:\/\/www.blogdotarugao.com.br\/v1\/wp-json\/wp\/v2\/comments?post=14786"}],"version-history":[{"count":1,"href":"https:\/\/www.blogdotarugao.com.br\/v1\/wp-json\/wp\/v2\/posts\/14786\/revisions"}],"predecessor-version":[{"id":14787,"href":"https:\/\/www.blogdotarugao.com.br\/v1\/wp-json\/wp\/v2\/posts\/14786\/revisions\/14787"}],"wp:attachment":[{"href":"https:\/\/www.blogdotarugao.com.br\/v1\/wp-json\/wp\/v2\/media?parent=14786"}],"wp:term":[{"taxonomy":"category","embeddable":true,"href":"https:\/\/www.blogdotarugao.com.br\/v1\/wp-json\/wp\/v2\/categories?post=14786"},{"taxonomy":"post_tag","embeddable":true,"href":"https:\/\/www.blogdotarugao.com.br\/v1\/wp-json\/wp\/v2\/tags?post=14786"}],"curies":[{"name":"wp","href":"https:\/\/api.w.org\/{rel}","templated":true}]}}