{"id":14788,"date":"2014-08-13T15:14:14","date_gmt":"2014-08-13T18:14:14","guid":{"rendered":"http:\/\/www.blogdotarugao.com.br\/v1\/?p=14788"},"modified":"2014-08-13T15:14:14","modified_gmt":"2014-08-13T18:14:14","slug":"neto-lamenta-morte-de-eduardo-campos-o-brasil-esta-de-luto","status":"publish","type":"post","link":"https:\/\/www.blogdotarugao.com.br\/v1\/2014\/08\/13\/neto-lamenta-morte-de-eduardo-campos-o-brasil-esta-de-luto\/","title":{"rendered":"Neto lamenta morte de Eduardo Campos: &#8216;O Brasil est\u00e1 de luto&#8217;"},"content":{"rendered":"<div>\n<div><img title=\"Neto lamenta morte de Eduardo Campos: 'O Brasil est\u00e1 de luto'\" alt=\"Neto lamenta morte de Eduardo Campos: 'O Brasil est\u00e1 de luto'\" src=\"http:\/\/www.bahianoticias.com.br\/fotos\/principal_noticias\/158745\/xIMAGEM_NOTICIA_5.jpg.pagespeed.ic.YpiHhgmXYa.jpg\" \/><\/p>\n<div>Foto: Valter Pontes\/Agecom Salvador<\/div>\n<\/div>\n<div><\/div>\n<\/div>\n<div>O prefeito ACM Neto lamentou a morte do ex-governador de Pernambuco e candidato \u00e0 Presid\u00eancia da Rep\u00fablica, Eduardo Campos nesta quarta-feira (13), em um acidente de avi\u00e3o em Santos, litoral paulista.<\/div>\n<div><\/div>\n<div>\u201cA pol\u00edtica, o Brasil e o Nordeste perderam um dos seus representantes mais qualificados. Como deputado, governador e ministro, Eduardo Campos sempre trabalhou pelo desenvolvimento do Brasil\u201d, disse Neto, que conviveu com Campos durante seu mandato na C\u00e2mara.<\/div>\n<div><\/div>\n<div>\u201cO Brasil est\u00e1 de luto. No pouco tempo de sua campanha \u00e0 Presid\u00eancia, Eduardo Campos apresentou propostas consistentes, demonstrando que ainda tinha muito a contribuir para o futuro do pa\u00eds\u201d, destacou o prefeito, que ainda mencionou a personalidade do presidenci\u00e1vel.<\/div>\n<div><\/div>\n<div>\u201cEle (Campos) estava sempre bem-humorado, era um grande contador de hist\u00f3rias. Deixo aqui o meu sentimento \u00e0 fam\u00edlia de Eduardo Campos, em especial \u00e0 popula\u00e7\u00e3o de Pernambuco e do Nordeste\u201d.<\/div>\n","protected":false},"excerpt":{"rendered":"<p>Foto: Valter Pontes\/Agecom Salvador O prefeito ACM Neto lamentou a morte do ex-governador de Pernambuco e candidato \u00e0 Presid\u00eancia da Rep\u00fablica, Eduardo Campos nesta quarta-feira (13), em um acidente de avi\u00e3o em Santos, litoral paulista. \u201cA pol\u00edtica, o Brasil e o Nordeste perderam um dos seus representantes mais qualificados. Como deputado, governador e ministro, Eduardo [&hellip;]<\/p>\n","protected":false},"author":2,"featured_media":0,"comment_status":"open","ping_status":"open","sticky":false,"template":"","format":"standard","meta":{"_links_to":"","_links_to_target":""},"categories":[37,29,1,7],"tags":[],"_links":{"self":[{"href":"https:\/\/www.blogdotarugao.com.br\/v1\/wp-json\/wp\/v2\/posts\/14788"}],"collection":[{"href":"https:\/\/www.blogdotarugao.com.br\/v1\/wp-json\/wp\/v2\/posts"}],"about":[{"href":"https:\/\/www.blogdotarugao.com.br\/v1\/wp-json\/wp\/v2\/types\/post"}],"author":[{"embeddable":true,"href":"https:\/\/www.blogdotarugao.com.br\/v1\/wp-json\/wp\/v2\/users\/2"}],"replies":[{"embeddable":true,"href":"https:\/\/www.blogdotarugao.com.br\/v1\/wp-json\/wp\/v2\/comments?post=14788"}],"version-history":[{"count":1,"href":"https:\/\/www.blogdotarugao.com.br\/v1\/wp-json\/wp\/v2\/posts\/14788\/revisions"}],"predecessor-version":[{"id":14789,"href":"https:\/\/www.blogdotarugao.com.br\/v1\/wp-json\/wp\/v2\/posts\/14788\/revisions\/14789"}],"wp:attachment":[{"href":"https:\/\/www.blogdotarugao.com.br\/v1\/wp-json\/wp\/v2\/media?parent=14788"}],"wp:term":[{"taxonomy":"category","embeddable":true,"href":"https:\/\/www.blogdotarugao.com.br\/v1\/wp-json\/wp\/v2\/categories?post=14788"},{"taxonomy":"post_tag","embeddable":true,"href":"https:\/\/www.blogdotarugao.com.br\/v1\/wp-json\/wp\/v2\/tags?post=14788"}],"curies":[{"name":"wp","href":"https:\/\/api.w.org\/{rel}","templated":true}]}}