{"id":14792,"date":"2014-08-13T15:17:51","date_gmt":"2014-08-13T18:17:51","guid":{"rendered":"http:\/\/www.blogdotarugao.com.br\/v1\/?p=14792"},"modified":"2014-08-13T15:17:51","modified_gmt":"2014-08-13T18:17:51","slug":"lidice-cancela-agenda-de-campanha-candidata-esta-muito-abalada","status":"publish","type":"post","link":"https:\/\/www.blogdotarugao.com.br\/v1\/2014\/08\/13\/lidice-cancela-agenda-de-campanha-candidata-esta-muito-abalada\/","title":{"rendered":"L\u00eddice cancela agenda de campanha; candidata est\u00e1 muito abalada"},"content":{"rendered":"<div>\n<div><img title=\"L\u00eddice cancela agenda de campanha; candidata est\u00e1 muito abalada\" alt=\"L\u00eddice cancela agenda de campanha; candidata est\u00e1 muito abalada\" src=\"http:\/\/www.bahianoticias.com.br\/fotos\/principal_noticias\/158740\/xIMAGEM_NOTICIA_5.jpg.pagespeed.ic.HKQcV5ukvY.jpg\" \/><\/p>\n<div>Foto: Jailton Suzart\/Ag Haack<\/div>\n<\/div>\n<div><\/div>\n<\/div>\n<div><strong>Candidata ao governo do estado pelo PSB, a senadora L\u00eddice da Mata cancelou todos os compromissos de campanha ap\u00f3s a confirma\u00e7\u00e3o da\u00a0<a href=\"http:\/\/www.bahianoticias.com.br\/noticia\/158739-julio-delgado-confirma-morte-de-eduardo-campos-em-acidente-aereo-em-santos.html\" target=\"_blank\">morte do presidenci\u00e1vel Eduardo Campos (PSB)<\/a>, em um acidente a\u00e9reo na cidade de Santos (SP). <\/strong><\/div>\n<div><\/div>\n<div><strong>De acordo com a assessoria de L\u00eddice, ela est\u00e1 muito abalada com a informa\u00e7\u00e3o e n\u00e3o consegue falar sobre o assunto. Pelo twitter, a senadora mostrou sua emo\u00e7\u00e3o.<\/strong><\/div>\n<div><\/div>\n<div><strong> &#8220;Eduardo Campos significava a esperan\u00e7a na constru\u00e7\u00e3o de novo pa\u00eds. Estamos chocados n\u00e3o s\u00f3 porque perdemos uma grande lideran\u00e7a, perdemos grande amigo&#8221;, afirmou.\u00a0<\/strong><\/div>\n<div><\/div>\n<div><strong>A candidatura de L\u00eddice na Bahia foi impulsionada pelo projeto de Campos para o Pal\u00e1cio do Planalto. Na corrida presidencial, o socialista aparece em terceiro lugar nas pesquisas, atr\u00e1s da petista Dilma Rousseff e do tucano A\u00e9cio Neves.<\/strong><\/div>\n","protected":false},"excerpt":{"rendered":"<p>Foto: Jailton Suzart\/Ag Haack Candidata ao governo do estado pelo PSB, a senadora L\u00eddice da Mata cancelou todos os compromissos de campanha ap\u00f3s a confirma\u00e7\u00e3o da\u00a0morte do presidenci\u00e1vel Eduardo Campos (PSB), em um acidente a\u00e9reo na cidade de Santos (SP). De acordo com a assessoria de L\u00eddice, ela est\u00e1 muito abalada com a informa\u00e7\u00e3o e [&hellip;]<\/p>\n","protected":false},"author":2,"featured_media":0,"comment_status":"open","ping_status":"open","sticky":false,"template":"","format":"standard","meta":{"_links_to":"","_links_to_target":""},"categories":[37,6,21,29,1,7],"tags":[],"_links":{"self":[{"href":"https:\/\/www.blogdotarugao.com.br\/v1\/wp-json\/wp\/v2\/posts\/14792"}],"collection":[{"href":"https:\/\/www.blogdotarugao.com.br\/v1\/wp-json\/wp\/v2\/posts"}],"about":[{"href":"https:\/\/www.blogdotarugao.com.br\/v1\/wp-json\/wp\/v2\/types\/post"}],"author":[{"embeddable":true,"href":"https:\/\/www.blogdotarugao.com.br\/v1\/wp-json\/wp\/v2\/users\/2"}],"replies":[{"embeddable":true,"href":"https:\/\/www.blogdotarugao.com.br\/v1\/wp-json\/wp\/v2\/comments?post=14792"}],"version-history":[{"count":1,"href":"https:\/\/www.blogdotarugao.com.br\/v1\/wp-json\/wp\/v2\/posts\/14792\/revisions"}],"predecessor-version":[{"id":14793,"href":"https:\/\/www.blogdotarugao.com.br\/v1\/wp-json\/wp\/v2\/posts\/14792\/revisions\/14793"}],"wp:attachment":[{"href":"https:\/\/www.blogdotarugao.com.br\/v1\/wp-json\/wp\/v2\/media?parent=14792"}],"wp:term":[{"taxonomy":"category","embeddable":true,"href":"https:\/\/www.blogdotarugao.com.br\/v1\/wp-json\/wp\/v2\/categories?post=14792"},{"taxonomy":"post_tag","embeddable":true,"href":"https:\/\/www.blogdotarugao.com.br\/v1\/wp-json\/wp\/v2\/tags?post=14792"}],"curies":[{"name":"wp","href":"https:\/\/api.w.org\/{rel}","templated":true}]}}