{"id":14802,"date":"2014-08-13T20:14:07","date_gmt":"2014-08-13T23:14:07","guid":{"rendered":"http:\/\/www.blogdotarugao.com.br\/v1\/?p=14802"},"modified":"2014-08-13T20:14:07","modified_gmt":"2014-08-13T23:14:07","slug":"campos-sera-enterrado-no-tumulo-do-avo-miguel-arraes-que-morreu-no-mesmo-dia","status":"publish","type":"post","link":"https:\/\/www.blogdotarugao.com.br\/v1\/2014\/08\/13\/campos-sera-enterrado-no-tumulo-do-avo-miguel-arraes-que-morreu-no-mesmo-dia\/","title":{"rendered":"Campos ser\u00e1 enterrado no t\u00famulo do av\u00f4 Miguel Arraes, que morreu no mesmo dia"},"content":{"rendered":"<div>\n<div><img title=\"Campos ser\u00e1 enterrado no t\u00famulo do av\u00f4 Miguel Arraes, que morreu no mesmo dia\" alt=\"Campos ser\u00e1 enterrado no t\u00famulo do av\u00f4 Miguel Arraes, que morreu no mesmo dia\" src=\"http:\/\/www.bahianoticias.com.br\/fotos\/principal_noticias\/158760\/xIMAGEM_NOTICIA_5.jpg.pagespeed.ic.opHmHvNe_z.jpg\" \/><\/p>\n<div>Foto: Reprodu\u00e7\u00e3o \/ Arquivo pessoal<\/div>\n<\/div>\n<div><\/div>\n<\/div>\n<div><strong>O corpo do candidato Eduardo Campos ser\u00e1 enterrado no mesmo t\u00famulo de seu av\u00f4, o ex-governador de Pernambuco, Miguel Arraes, em Recife (PE). A informa\u00e7\u00e3o foi dada por seu irm\u00e3o, Ant\u00f4nio Campos, nesta ter\u00e7a-feira (13). O presidenci\u00e1vel pelo PSB morreu exatamente 9 anos depois que Arraes \u2013 que sofreu choque s\u00e9ptico no dia 13 de agosto de 2005. Seis pessoas devem seguir em um jatinho particular at\u00e9 Santos (SP) para buscar o corpo. A fam\u00edlia permanece em Recife.\u00a0O governador de Pernambuco, Jo\u00e3o Lyra Neto, decretou sete dias de luto oficial pela morte de Campos, que era ex-governador do Estado.<\/strong><\/div>\n","protected":false},"excerpt":{"rendered":"<p>Foto: Reprodu\u00e7\u00e3o \/ Arquivo pessoal O corpo do candidato Eduardo Campos ser\u00e1 enterrado no mesmo t\u00famulo de seu av\u00f4, o ex-governador de Pernambuco, Miguel Arraes, em Recife (PE). A informa\u00e7\u00e3o foi dada por seu irm\u00e3o, Ant\u00f4nio Campos, nesta ter\u00e7a-feira (13). O presidenci\u00e1vel pelo PSB morreu exatamente 9 anos depois que Arraes \u2013 que sofreu choque [&hellip;]<\/p>\n","protected":false},"author":2,"featured_media":0,"comment_status":"open","ping_status":"open","sticky":false,"template":"","format":"standard","meta":{"_links_to":"","_links_to_target":""},"categories":[21,1,7],"tags":[],"_links":{"self":[{"href":"https:\/\/www.blogdotarugao.com.br\/v1\/wp-json\/wp\/v2\/posts\/14802"}],"collection":[{"href":"https:\/\/www.blogdotarugao.com.br\/v1\/wp-json\/wp\/v2\/posts"}],"about":[{"href":"https:\/\/www.blogdotarugao.com.br\/v1\/wp-json\/wp\/v2\/types\/post"}],"author":[{"embeddable":true,"href":"https:\/\/www.blogdotarugao.com.br\/v1\/wp-json\/wp\/v2\/users\/2"}],"replies":[{"embeddable":true,"href":"https:\/\/www.blogdotarugao.com.br\/v1\/wp-json\/wp\/v2\/comments?post=14802"}],"version-history":[{"count":1,"href":"https:\/\/www.blogdotarugao.com.br\/v1\/wp-json\/wp\/v2\/posts\/14802\/revisions"}],"predecessor-version":[{"id":14803,"href":"https:\/\/www.blogdotarugao.com.br\/v1\/wp-json\/wp\/v2\/posts\/14802\/revisions\/14803"}],"wp:attachment":[{"href":"https:\/\/www.blogdotarugao.com.br\/v1\/wp-json\/wp\/v2\/media?parent=14802"}],"wp:term":[{"taxonomy":"category","embeddable":true,"href":"https:\/\/www.blogdotarugao.com.br\/v1\/wp-json\/wp\/v2\/categories?post=14802"},{"taxonomy":"post_tag","embeddable":true,"href":"https:\/\/www.blogdotarugao.com.br\/v1\/wp-json\/wp\/v2\/tags?post=14802"}],"curies":[{"name":"wp","href":"https:\/\/api.w.org\/{rel}","templated":true}]}}