{"id":14829,"date":"2014-08-14T09:40:11","date_gmt":"2014-08-14T12:40:11","guid":{"rendered":"http:\/\/www.blogdotarugao.com.br\/v1\/?p=14829"},"modified":"2014-08-14T09:40:11","modified_gmt":"2014-08-14T12:40:11","slug":"piloto-do-jato-em-que-morreu-campos-relatou-cansaco-de-voar-no-facebook","status":"publish","type":"post","link":"https:\/\/www.blogdotarugao.com.br\/v1\/2014\/08\/14\/piloto-do-jato-em-que-morreu-campos-relatou-cansaco-de-voar-no-facebook\/","title":{"rendered":"Piloto do jato em que morreu Campos relatou cansa\u00e7o de voar no Facebook"},"content":{"rendered":"<p><img loading=\"lazy\" alt=\"\" src=\"https:\/\/s2.yimg.com\/bt\/api\/res\/1.2\/V8aWImAkZJjplfnXESOO2w--\/YXBwaWQ9eW5ld3M7Zmk9ZmlsbDtoPTM4NjtweW9mZj0wO3E9NzU7dz02MDc-\/http:\/\/l.yimg.com\/os\/publish-images\/news\/2014-08-13\/8852ee30-2311-11e4-a67c-11f85ad0904e_ft1.jpg\" width=\"425\" height=\"270\" \/><\/p>\n<p>RIO e S\u00c3O PAULO \u2014 Cinco dia antes da trag\u00e9dia com o jato no qual viajava o presidenci\u00e1vel Eduardo Campos, um dos pilotos que morreu, Marcos Martins, disse no Facebook que n\u00e3o estava tendo tempo para descansar, devido \u00e0s viagens que vinha fazendo acompanhando as campanhas eleitorais.<\/p>\n<p>&#8220;Cansada\u00e7o, voar voar e voar . E amanh\u00e3 tem mais. Recife&#8221;, postou no dia 8 de agosto, pelo Facebook.<\/p>\n<p>Em outra postagem, ele conta: &#8220;Cada lugar. Parece que ainda estou na \u00c1frica. Fim de mundo isto \u00e9 Nordeste..&#8221;, referindo-se ao Centro de Arapiraca.<\/p>\n<p>Na rede social, ele postou um v\u00eddeo de um passeio pela Praia de Copacabana, onde filmou um drone. Em sua p\u00e1gina, Martins comentou: &#8220;assim fica f\u00e1cil&#8221;, referindo-se \u00e0 simplicidade com que eram feitas as manobras com o aeromodelo por meio de controle remoto. Cinco amigos curtiram a postagem.<\/p>\n<p>O piloto se formou pela Universidade Paulista (UNIP) e fazia parte de um grupo de pilotos experientes. Ele era casado com Fl\u00e1via Martins e tinha dois filhos menores. Dois dias antes da morte do marido, ela postou por uma rede social que estava com dificuldades de dormir.<\/p>\n<p>O outro piloto que morreu foi Geraldo Cunha. Ele dividia com Martins o comando da aeronave.<\/p>\n<p><strong>CAIXA PRETA RECUPERADA<\/strong><\/p>\n<p>O Corpo de Bombeiros de S\u00e3o Paulo confirmou que pelo menos uma caixa preta foi recuperada nos destro\u00e7os da queda do avi\u00e3o que transportava o candidato \u00e0 Presid\u00eancia da Rep\u00fablica, Eduardo Campos.Campos e outras seis pessoas morreram no acidente. Outras seis pessoas que estavam em terra ficaram feridas &#8211; cinco delas j\u00e1 tiveram alta.<\/p>\n<p>Segundo os bombeiros, a recupera\u00e7\u00e3o da caixa preta ocorreu entre o meio-dia e as 13h. O equipamento foi recolhido juntamente com as turbinas da aeronave e entregue a equipes da Aeron\u00e1utica. A Pol\u00edcia Civil paulista chegou a falar em uma segunda caixa preta, mas a informa\u00e7\u00e3o ainda n\u00e3o foi confirmada.<\/p>\n<p>O Comando da Aeron\u00e1utica informou, por nota, que o avi\u00e3o, modelo Cessna 560XL, prefixo PR-AFA, caiu \u00e0s 10h. O superintendente da Pol\u00edcia Federal (PF) em S\u00e3o Paulo, Roberto Troncon, que estava em Bras\u00edlia, embarcou para Santos com 11 peritos que atuar\u00e3o nas investiga\u00e7\u00f5es da queda do avi\u00e3o. Entres eles, est\u00e3o especialistas em identifica\u00e7\u00e3o por DNA e um especialista em identifica\u00e7\u00e3o de v\u00edtimas de acidentes a\u00e9reos.<\/p>\n<p>Partes dos corpos foram encaminhadas na noite desta quarta-feira para o Instituto M\u00e9dico Legal (IML) Central, nas Cl\u00ednicas, Zona Oeste da capital paulista.<\/p>\n","protected":false},"excerpt":{"rendered":"<p>RIO e S\u00c3O PAULO \u2014 Cinco dia antes da trag\u00e9dia com o jato no qual viajava o presidenci\u00e1vel Eduardo Campos, um dos pilotos que morreu, Marcos Martins, disse no Facebook que n\u00e3o estava tendo tempo para descansar, devido \u00e0s viagens que vinha fazendo acompanhando as campanhas eleitorais. &#8220;Cansada\u00e7o, voar voar e voar . E amanh\u00e3 [&hellip;]<\/p>\n","protected":false},"author":2,"featured_media":0,"comment_status":"open","ping_status":"open","sticky":false,"template":"","format":"standard","meta":{"_links_to":"","_links_to_target":""},"categories":[5],"tags":[],"_links":{"self":[{"href":"https:\/\/www.blogdotarugao.com.br\/v1\/wp-json\/wp\/v2\/posts\/14829"}],"collection":[{"href":"https:\/\/www.blogdotarugao.com.br\/v1\/wp-json\/wp\/v2\/posts"}],"about":[{"href":"https:\/\/www.blogdotarugao.com.br\/v1\/wp-json\/wp\/v2\/types\/post"}],"author":[{"embeddable":true,"href":"https:\/\/www.blogdotarugao.com.br\/v1\/wp-json\/wp\/v2\/users\/2"}],"replies":[{"embeddable":true,"href":"https:\/\/www.blogdotarugao.com.br\/v1\/wp-json\/wp\/v2\/comments?post=14829"}],"version-history":[{"count":1,"href":"https:\/\/www.blogdotarugao.com.br\/v1\/wp-json\/wp\/v2\/posts\/14829\/revisions"}],"predecessor-version":[{"id":14830,"href":"https:\/\/www.blogdotarugao.com.br\/v1\/wp-json\/wp\/v2\/posts\/14829\/revisions\/14830"}],"wp:attachment":[{"href":"https:\/\/www.blogdotarugao.com.br\/v1\/wp-json\/wp\/v2\/media?parent=14829"}],"wp:term":[{"taxonomy":"category","embeddable":true,"href":"https:\/\/www.blogdotarugao.com.br\/v1\/wp-json\/wp\/v2\/categories?post=14829"},{"taxonomy":"post_tag","embeddable":true,"href":"https:\/\/www.blogdotarugao.com.br\/v1\/wp-json\/wp\/v2\/tags?post=14829"}],"curies":[{"name":"wp","href":"https:\/\/api.w.org\/{rel}","templated":true}]}}