{"id":14901,"date":"2014-08-15T09:28:54","date_gmt":"2014-08-15T12:28:54","guid":{"rendered":"http:\/\/www.blogdotarugao.com.br\/v1\/?p=14901"},"modified":"2014-08-15T09:28:54","modified_gmt":"2014-08-15T12:28:54","slug":"jo-soares-e-tratado-por-oncologista-no-sirio-libanes-informa-colunista","status":"publish","type":"post","link":"https:\/\/www.blogdotarugao.com.br\/v1\/2014\/08\/15\/jo-soares-e-tratado-por-oncologista-no-sirio-libanes-informa-colunista\/","title":{"rendered":"J\u00f4 Soares \u00e9 tratado por oncologista no S\u00edrio-Liban\u00eas, informa colunista"},"content":{"rendered":"<div>\n<div><img title=\"J\u00f4 Soares \u00e9 tratado por oncologista no S\u00edrio-Liban\u00eas, informa colunista\" alt=\"J\u00f4 Soares \u00e9 tratado por oncologista no S\u00edrio-Liban\u00eas, informa colunista\" src=\"http:\/\/www.bahianoticias.com.br\/fotos\/holofote_noticias\/36387\/xIMAGEM_NOTICIA_5.jpg.pagespeed.ic.eVXCCRl6re.jpg\" data-pagespeed-onload=\"pagespeed.CriticalImages.checkImageForCriticality(this);\" data-pagespeed-loaded=\"1\" \/><\/div>\n<div><\/div>\n<\/div>\n<div>\n<div id=\"cke_pastebin\">Muitos coment\u00e1rios sobre o estado de sa\u00fade de J\u00f4 Soares t\u00eam surgido nos \u00faltimos dias. O apresentador da Rede Globo deu entrada no Hospital S\u00edrio-Liban\u00eas, em S\u00e3o Paulo, para tratar de uma pneumonia. Pelo menos \u00e9 o que alega a assessoria de J\u00f4. Entretanto, a coluna de L\u00e9o Dias no jornal O Dia informa que quem est\u00e1 tratando do apresentador desde o dia 28 de julho \u00e9 o renomado m\u00e9dico Dr\u00e1uzio Varella, que \u00e9 oncologista. Diante da informa\u00e7\u00e3o, o colunista sustenta a hip\u00f3tese de que o apresentador esteja com c\u00e2ncer de pulm\u00e3o. Enquanto o jornalista n\u00e3o deixa o hospital \u2013 e n\u00e3o h\u00e1 previs\u00e3o de alta, a Globo reprisa o \u2018Programa do J\u00f4\u2019.<\/div>\n<\/div>\n","protected":false},"excerpt":{"rendered":"<p>Muitos coment\u00e1rios sobre o estado de sa\u00fade de J\u00f4 Soares t\u00eam surgido nos \u00faltimos dias. O apresentador da Rede Globo deu entrada no Hospital S\u00edrio-Liban\u00eas, em S\u00e3o Paulo, para tratar de uma pneumonia. Pelo menos \u00e9 o que alega a assessoria de J\u00f4. Entretanto, a coluna de L\u00e9o Dias no jornal O Dia informa que [&hellip;]<\/p>\n","protected":false},"author":2,"featured_media":0,"comment_status":"open","ping_status":"open","sticky":false,"template":"","format":"standard","meta":{"_links_to":"","_links_to_target":""},"categories":[21,1,12,34],"tags":[],"_links":{"self":[{"href":"https:\/\/www.blogdotarugao.com.br\/v1\/wp-json\/wp\/v2\/posts\/14901"}],"collection":[{"href":"https:\/\/www.blogdotarugao.com.br\/v1\/wp-json\/wp\/v2\/posts"}],"about":[{"href":"https:\/\/www.blogdotarugao.com.br\/v1\/wp-json\/wp\/v2\/types\/post"}],"author":[{"embeddable":true,"href":"https:\/\/www.blogdotarugao.com.br\/v1\/wp-json\/wp\/v2\/users\/2"}],"replies":[{"embeddable":true,"href":"https:\/\/www.blogdotarugao.com.br\/v1\/wp-json\/wp\/v2\/comments?post=14901"}],"version-history":[{"count":1,"href":"https:\/\/www.blogdotarugao.com.br\/v1\/wp-json\/wp\/v2\/posts\/14901\/revisions"}],"predecessor-version":[{"id":14902,"href":"https:\/\/www.blogdotarugao.com.br\/v1\/wp-json\/wp\/v2\/posts\/14901\/revisions\/14902"}],"wp:attachment":[{"href":"https:\/\/www.blogdotarugao.com.br\/v1\/wp-json\/wp\/v2\/media?parent=14901"}],"wp:term":[{"taxonomy":"category","embeddable":true,"href":"https:\/\/www.blogdotarugao.com.br\/v1\/wp-json\/wp\/v2\/categories?post=14901"},{"taxonomy":"post_tag","embeddable":true,"href":"https:\/\/www.blogdotarugao.com.br\/v1\/wp-json\/wp\/v2\/tags?post=14901"}],"curies":[{"name":"wp","href":"https:\/\/api.w.org\/{rel}","templated":true}]}}