{"id":14908,"date":"2014-08-15T21:04:43","date_gmt":"2014-08-16T00:04:43","guid":{"rendered":"http:\/\/www.blogdotarugao.com.br\/v1\/?p=14908"},"modified":"2014-08-15T21:04:43","modified_gmt":"2014-08-16T00:04:43","slug":"audio-gravado-em-caixa-preta-nao-e-do-aviao-de-eduardo-campos","status":"publish","type":"post","link":"https:\/\/www.blogdotarugao.com.br\/v1\/2014\/08\/15\/audio-gravado-em-caixa-preta-nao-e-do-aviao-de-eduardo-campos\/","title":{"rendered":"\u00c1udio gravado em caixa-preta n\u00e3o \u00e9 do avi\u00e3o de Eduardo Campos"},"content":{"rendered":"<div><b>Segundo a For\u00e7a A\u00e9rea Brasileira (FAB), as duas horas de di\u00e1logo contidas no objeto j\u00e1 foram analisadas<\/b><\/div>\n<div><\/div>\n<div>O \u00e1udio gravado na caixa-preta recuperada no local do acidente que matou Eduardo Campos n\u00e3o \u00e9 do voo que levava o ex-governador de Pernambuco. Segundo a For\u00e7a A\u00e9rea Brasileira (FAB), respons\u00e1vel pela investiga\u00e7\u00e3o, as duas horas de di\u00e1logo contidas no objeto j\u00e1 foram analisadas.<\/div>\n<div><a href=\"http:\/\/w2.c24hsttc.net\/uploads\/RTEmagicC_840bab7d87.jpg.jpg\" class=\"gallery_colorbox\"><img alt=\"\" src=\"http:\/\/w2.c24hsttc.net\/uploads\/RTEmagicC_840bab7d87.jpg.jpg\"  border=\"0\" \/><\/a><\/div>\n<div><\/div>\n<div>Segundo o G1 Santos, a FAB divulgou um comunicado informando que n\u00e3o \u00e9 poss\u00edvel identificar de quando s\u00e3o os \u00e1udios gravados na caixa-preta. \u201cAs raz\u00f5es pelas quais o \u00e1udio obtido n\u00e3o corresponde ao voo ser\u00e3o apuradas durante o processo de investiga\u00e7\u00e3o\u201d, afirma a nota da aeron\u00e1utica.<\/div>\n<div><\/div>\n<div>Al\u00e9m da caixa-preta, a FAB ainda deve investigar os dois pilotos que conduziam o avi\u00e3o. Cinco dias antes do acidente, o piloto Marcos Martins disse em seu perfil no Facebook que estava &#8220;cansada\u00e7o&#8221;.<\/div>\n<div><\/div>\n<div>O acidente envolvendo Eduardo Campos matou outras seis pessoas na \u00faltima quarta-feira. Tamb\u00e9m estavam no avi\u00e3o os pilotos Geraldo Magela Barbosa da Cunha e Marcos Martins, o assessor de imprensa Carlos Augusto Leal Filho, o fot\u00f3grafo Alexandre Severo Gomes e Silva, o cinegrafista Marcelo Lira e Pedro Valadares Neto, ex-deputado federal por Sergipe e assessor particular de Campos.<\/div>\n","protected":false},"excerpt":{"rendered":"<p>Segundo a For\u00e7a A\u00e9rea Brasileira (FAB), as duas horas de di\u00e1logo contidas no objeto j\u00e1 foram analisadas O \u00e1udio gravado na caixa-preta recuperada no local do acidente que matou Eduardo Campos n\u00e3o \u00e9 do voo que levava o ex-governador de Pernambuco. Segundo a For\u00e7a A\u00e9rea Brasileira (FAB), respons\u00e1vel pela investiga\u00e7\u00e3o, as duas horas de di\u00e1logo [&hellip;]<\/p>\n","protected":false},"author":2,"featured_media":0,"comment_status":"open","ping_status":"open","sticky":false,"template":"","format":"standard","meta":{"_links_to":"","_links_to_target":""},"categories":[37,1,7],"tags":[],"_links":{"self":[{"href":"https:\/\/www.blogdotarugao.com.br\/v1\/wp-json\/wp\/v2\/posts\/14908"}],"collection":[{"href":"https:\/\/www.blogdotarugao.com.br\/v1\/wp-json\/wp\/v2\/posts"}],"about":[{"href":"https:\/\/www.blogdotarugao.com.br\/v1\/wp-json\/wp\/v2\/types\/post"}],"author":[{"embeddable":true,"href":"https:\/\/www.blogdotarugao.com.br\/v1\/wp-json\/wp\/v2\/users\/2"}],"replies":[{"embeddable":true,"href":"https:\/\/www.blogdotarugao.com.br\/v1\/wp-json\/wp\/v2\/comments?post=14908"}],"version-history":[{"count":1,"href":"https:\/\/www.blogdotarugao.com.br\/v1\/wp-json\/wp\/v2\/posts\/14908\/revisions"}],"predecessor-version":[{"id":14909,"href":"https:\/\/www.blogdotarugao.com.br\/v1\/wp-json\/wp\/v2\/posts\/14908\/revisions\/14909"}],"wp:attachment":[{"href":"https:\/\/www.blogdotarugao.com.br\/v1\/wp-json\/wp\/v2\/media?parent=14908"}],"wp:term":[{"taxonomy":"category","embeddable":true,"href":"https:\/\/www.blogdotarugao.com.br\/v1\/wp-json\/wp\/v2\/categories?post=14908"},{"taxonomy":"post_tag","embeddable":true,"href":"https:\/\/www.blogdotarugao.com.br\/v1\/wp-json\/wp\/v2\/tags?post=14908"}],"curies":[{"name":"wp","href":"https:\/\/api.w.org\/{rel}","templated":true}]}}