{"id":14910,"date":"2014-08-15T21:07:17","date_gmt":"2014-08-16T00:07:17","guid":{"rendered":"http:\/\/www.blogdotarugao.com.br\/v1\/?p=14910"},"modified":"2014-08-15T21:07:17","modified_gmt":"2014-08-16T00:07:17","slug":"pf-apreende-900-kg-de-maconha-em-ambulancia-na-ba","status":"publish","type":"post","link":"https:\/\/www.blogdotarugao.com.br\/v1\/2014\/08\/15\/pf-apreende-900-kg-de-maconha-em-ambulancia-na-ba\/","title":{"rendered":"PF apreende 900 kg de maconha em ambul\u00e2ncia na BA"},"content":{"rendered":"<div><a href=\"http:\/\/www.itaberabanoticias.com.br\/wp-content\/uploads\/drogaambulancia620x465.jpg\" class=\"gallery_colorbox\"><img loading=\"lazy\" class=\"alignleft\" alt=\"\" src=\"http:\/\/www.itaberabanoticias.com.br\/wp-content\/uploads\/drogaambulancia620x465.jpg\"  width=\"320\" height=\"240\" border=\"0\" \/><\/a>A PF (Pol\u00edcia Federal) apreendeu, na noite desta quinta-feira (14), mais de 900 kg de maconha durante uma opera\u00e7\u00e3o, em um pr\u00e9dio da avenida Garibaldi, em Salvador. Segundo informa\u00e7\u00f5es da PF (Pol\u00edcia Federal), tr\u00eas homens, de iniciais A. S. M., de 35 anos, M. B. O., de 35 anos, e E. G. C., de 37 anos foram presos quando se preparavam para transportar a droga dentro de uma ambul\u00e2ncia.<\/div>\n<div><\/div>\n<div>Segundo a pol\u00edcia, um dos suspeitos conseguiu uma ambul\u00e2ncia, e a deixou guardada na garagem da resid\u00eancia de outro suspeito. Ao buscar o ve\u00edculo, com o terceiro suspeito, foi preso. Al\u00e9m da ambul\u00e2ncia, foram apreendidos mais sete carros pertencentes ao trio, alguns de alto pre\u00e7o, todos utilizados para transporte, distribui\u00e7\u00e3o e venda de drogas na capital baiana. A PF informou que na ambul\u00e2ncia estava cerca de 860 kg da droga e em um dos ve\u00edculos, um Fiat Palio pertencente a M. B. O., foram encontradas mais 91 kg de maconha. A pol\u00edcia tamb\u00e9m afirmou que o apartamento de M.B.O.<\/div>\n<div><\/div>\n<div>funcionava como ponto de venda de drogas, onde foi encontrada duas balan\u00e7as de precis\u00e3o, al\u00e9m de coca\u00edna e maconha j\u00e1 embalada para a venda, em papelotes e trouxinhas, bem como cheques de compradores da droga. Al\u00e9m disso, apreendeu-se tamb\u00e9m cartuchos de muni\u00e7\u00e3o calibre 38.<\/div>\n<div><\/div>\n<div>Ainda de acordo com a PF, o grupo j\u00e1 era investigado, desde junho, pela DRE (Delegacia de Repress\u00e3o a Entorpecentes) da Superintend\u00eancia na Bahia, por causa de uma preens\u00e3o de mais de 100 kg de coca\u00edna, ocorrida em um s\u00edtio em Lauro de Freitas, RMS (regi\u00e3o metropolitana de Salvador). Os presos foram autuados por tr\u00e1fico de drogas e encaminhados \u00e0 Cadeia P\u00fablica de Salvador, onde permanecer\u00e3o \u00e0 disposi\u00e7\u00e3o da Justi\u00e7a Estadual.<\/div>\n","protected":false},"excerpt":{"rendered":"<p>A PF (Pol\u00edcia Federal) apreendeu, na noite desta quinta-feira (14), mais de 900 kg de maconha durante uma opera\u00e7\u00e3o, em um pr\u00e9dio da avenida Garibaldi, em Salvador. Segundo informa\u00e7\u00f5es da PF (Pol\u00edcia Federal), tr\u00eas homens, de iniciais A. S. M., de 35 anos, M. B. O., de 35 anos, e E. G. C., de 37 [&hellip;]<\/p>\n","protected":false},"author":2,"featured_media":0,"comment_status":"open","ping_status":"open","sticky":false,"template":"","format":"standard","meta":{"_links_to":"","_links_to_target":""},"categories":[14,6,1,12],"tags":[],"_links":{"self":[{"href":"https:\/\/www.blogdotarugao.com.br\/v1\/wp-json\/wp\/v2\/posts\/14910"}],"collection":[{"href":"https:\/\/www.blogdotarugao.com.br\/v1\/wp-json\/wp\/v2\/posts"}],"about":[{"href":"https:\/\/www.blogdotarugao.com.br\/v1\/wp-json\/wp\/v2\/types\/post"}],"author":[{"embeddable":true,"href":"https:\/\/www.blogdotarugao.com.br\/v1\/wp-json\/wp\/v2\/users\/2"}],"replies":[{"embeddable":true,"href":"https:\/\/www.blogdotarugao.com.br\/v1\/wp-json\/wp\/v2\/comments?post=14910"}],"version-history":[{"count":1,"href":"https:\/\/www.blogdotarugao.com.br\/v1\/wp-json\/wp\/v2\/posts\/14910\/revisions"}],"predecessor-version":[{"id":14911,"href":"https:\/\/www.blogdotarugao.com.br\/v1\/wp-json\/wp\/v2\/posts\/14910\/revisions\/14911"}],"wp:attachment":[{"href":"https:\/\/www.blogdotarugao.com.br\/v1\/wp-json\/wp\/v2\/media?parent=14910"}],"wp:term":[{"taxonomy":"category","embeddable":true,"href":"https:\/\/www.blogdotarugao.com.br\/v1\/wp-json\/wp\/v2\/categories?post=14910"},{"taxonomy":"post_tag","embeddable":true,"href":"https:\/\/www.blogdotarugao.com.br\/v1\/wp-json\/wp\/v2\/tags?post=14910"}],"curies":[{"name":"wp","href":"https:\/\/api.w.org\/{rel}","templated":true}]}}