{"id":14941,"date":"2014-08-16T09:58:10","date_gmt":"2014-08-16T12:58:10","guid":{"rendered":"http:\/\/www.blogdotarugao.com.br\/v1\/?p=14941"},"modified":"2014-08-16T10:00:45","modified_gmt":"2014-08-16T13:00:45","slug":"qual-sera-o-futuro-dessa-crianca-no-municipio-de-itapetinga-sera-que-ele-nao-deveria-esta-em-uma-casa-minha-casa-minha-vida","status":"publish","type":"post","link":"https:\/\/www.blogdotarugao.com.br\/v1\/2014\/08\/16\/qual-sera-o-futuro-dessa-crianca-no-municipio-de-itapetinga-sera-que-ele-nao-deveria-esta-em-uma-casa-minha-casa-minha-vida\/","title":{"rendered":"Qual ser\u00e1 o futuro dessa crian\u00e7a no munic\u00edpio de Itapetinga? Ser\u00e1 que ele n\u00e3o deveria est\u00e1 em uma casa &#8220;Minha Casa Minha Vida&#8221;?"},"content":{"rendered":"<p>Os programas Jornal da Cidade e Resenha da Cidade, apresentados na R\u00e1dio Cidade FM 94,3 vem dando o que falar, pois tem mostrado a realidade &#8220;Nua e Crua&#8221; de um munic\u00edpio que vem deixando, quem mais precisa na &#8220;M\u00e3o&#8221;.<\/p>\n<p><img loading=\"lazy\" alt=\"\" src=\"https:\/\/fbcdn-sphotos-g-a.akamaihd.net\/hphotos-ak-xaf1\/t1.0-9\/10600606_550841955043912_1724500954759410923_n.jpg\" width=\"634\" height=\"475\" \/><\/p>\n<p>A equipe de apresentadores vem visitando v\u00e1rias fam\u00edlias no munic\u00edpio, e a cada visita percebendo o total abandono que v\u00e1rias fam\u00edlias vem sofrendo.<\/p>\n<p><img loading=\"lazy\" alt=\"\" src=\"https:\/\/scontent-b-gru.xx.fbcdn.net\/hphotos-xpf1\/v\/t1.0-9\/10492166_550841785043929_1966867182881659351_n.jpg?oh=b67efe4a9f9a9a0ae46c8e2a6b63ce67&amp;oe=54777D75\" width=\"634\" height=\"475\" \/><\/p>\n<p>S\u00e3o fam\u00edlias que tem 1, 2, 3, 4, 5, 6 e at\u00e9 7 filhos, e essas n\u00e3o foram contempladas no programa do governo federal &#8220;Minha Casa minha vida&#8221;.<\/p>\n<p><img loading=\"lazy\" alt=\"\" src=\"https:\/\/fbcdn-sphotos-d-a.akamaihd.net\/hphotos-ak-xpf1\/t1.0-9\/10253888_550840105044097_935429005221802213_n.jpg\" width=\"634\" height=\"475\" \/><\/p>\n<p>O Vereador Tarug\u00e3o tem acompanhando e denunciando esse tipo de &#8220;Injusti\u00e7a Social&#8221;, mas como a Secretaria de Desenvolvimento Social n\u00e3o consegue dar respostas, ai tenta denegrir e desqualificar o Vereador que vem acompanhando essas fam\u00edlias e cobrando respostas.<\/p>\n<p><img loading=\"lazy\" alt=\"\" src=\"https:\/\/scontent-b-gru.xx.fbcdn.net\/hphotos-xpf1\/v\/t1.0-9\/10609679_550851521709622_6050886112707039400_n.jpg?oh=dc4036c50437d81d8626ddd349b327d0&amp;oe=547F49B9\" width=\"634\" height=\"475\" \/><\/p>\n<p>O Projeto do Governo Federal &#8220;Minha Casa Minha Vida&#8221;, d\u00e1 prefer\u00eancia para Fam\u00edlias que vivem em \u00e1reas de risco, casas de taipa e quantidade de filhos, sendo inseridas em primeiros lugar as fam\u00edlias que tem mais filhos e menor renda.<\/p>\n<p><img loading=\"lazy\" alt=\"\" src=\"https:\/\/scontent-a-gru.xx.fbcdn.net\/hphotos-xap1\/t1.0-9\/14910_550854311709343_2746612639093983580_n.jpg\" width=\"634\" height=\"475\" \/><\/p>\n<p>Para completar s\u00e3o v\u00e1rias fam\u00edlias que n\u00e3o s\u00e3o visitadas e quem sempre tem recorrido a A\u00e7\u00e3o Social e recebem a &#8220;Porta na Cara&#8221;, mas quando um se levanta para defender o POVO, muitos se levantam contra Ele.<\/p>\n<p><strong>Por Eliomar Barreira<\/strong><\/p>\n<p>&nbsp;<\/p>\n","protected":false},"excerpt":{"rendered":"<p>Os programas Jornal da Cidade e Resenha da Cidade, apresentados na R\u00e1dio Cidade FM 94,3 vem dando o que falar, pois tem mostrado a realidade &#8220;Nua e Crua&#8221; de um munic\u00edpio que vem deixando, quem mais precisa na &#8220;M\u00e3o&#8221;. A equipe de apresentadores vem visitando v\u00e1rias fam\u00edlias no munic\u00edpio, e a cada visita percebendo o [&hellip;]<\/p>\n","protected":false},"author":2,"featured_media":0,"comment_status":"open","ping_status":"open","sticky":false,"template":"","format":"standard","meta":{"_links_to":"","_links_to_target":""},"categories":[2,1,7,12],"tags":[],"_links":{"self":[{"href":"https:\/\/www.blogdotarugao.com.br\/v1\/wp-json\/wp\/v2\/posts\/14941"}],"collection":[{"href":"https:\/\/www.blogdotarugao.com.br\/v1\/wp-json\/wp\/v2\/posts"}],"about":[{"href":"https:\/\/www.blogdotarugao.com.br\/v1\/wp-json\/wp\/v2\/types\/post"}],"author":[{"embeddable":true,"href":"https:\/\/www.blogdotarugao.com.br\/v1\/wp-json\/wp\/v2\/users\/2"}],"replies":[{"embeddable":true,"href":"https:\/\/www.blogdotarugao.com.br\/v1\/wp-json\/wp\/v2\/comments?post=14941"}],"version-history":[{"count":2,"href":"https:\/\/www.blogdotarugao.com.br\/v1\/wp-json\/wp\/v2\/posts\/14941\/revisions"}],"predecessor-version":[{"id":14944,"href":"https:\/\/www.blogdotarugao.com.br\/v1\/wp-json\/wp\/v2\/posts\/14941\/revisions\/14944"}],"wp:attachment":[{"href":"https:\/\/www.blogdotarugao.com.br\/v1\/wp-json\/wp\/v2\/media?parent=14941"}],"wp:term":[{"taxonomy":"category","embeddable":true,"href":"https:\/\/www.blogdotarugao.com.br\/v1\/wp-json\/wp\/v2\/categories?post=14941"},{"taxonomy":"post_tag","embeddable":true,"href":"https:\/\/www.blogdotarugao.com.br\/v1\/wp-json\/wp\/v2\/tags?post=14941"}],"curies":[{"name":"wp","href":"https:\/\/api.w.org\/{rel}","templated":true}]}}