{"id":14980,"date":"2014-08-17T10:49:09","date_gmt":"2014-08-17T13:49:09","guid":{"rendered":"http:\/\/www.blogdotarugao.com.br\/v1\/?p=14980"},"modified":"2014-08-17T10:49:09","modified_gmt":"2014-08-17T13:49:09","slug":"populacao-vaia-e-grita-eduardo-campos-na-chegada-de-dilma-e-lula","status":"publish","type":"post","link":"https:\/\/www.blogdotarugao.com.br\/v1\/2014\/08\/17\/populacao-vaia-e-grita-eduardo-campos-na-chegada-de-dilma-e-lula\/","title":{"rendered":"Popula\u00e7\u00e3o vaia e grita &#8216;Eduardo Campos&#8217; na chegada de Dilma e Lula"},"content":{"rendered":"<p><img title=\"Foto: David Mendes \/\/ Boc\u00e3o News\" alt=\"\" src=\"http:\/\/www.bocaonews.com.br\/ckfinder\/userfiles\/fotos_e_imagens\/POLITICA\/BRASIL\/MORTE%20DE%20EDUARDO%20CAMPOS\/2195,viuva-e-filhos-recebem-o-corpo-de-eduardo-campos-003.jpg\" \/><\/p>\n<p>A presidente Dilma Roussef (PT) e o ex-presidente Luiz In\u00e1cio Lula da Silva chegaram por volta das 9h59 no vel\u00f3rio de Eduardo Campos , que est\u00e1 sendo realizado na sede do governo de Pernambuco. Quando a presidente se aproximou do caix\u00e3o para cumprimentar os filhos e a viuva de Campos, a popula\u00e7\u00e3o que forma a fila entorno do local vaiou a petista, ecoando um grito com aplausos do nome de &#8216;Eduardo Campos&#8217;.<\/p>\n<p><img title=\"Foto: David Mendes \/\/ Boc\u00e3o News\" alt=\"\" src=\"http:\/\/www.bocaonews.com.br\/ckfinder\/userfiles\/fotos_e_imagens\/POLITICA\/BRASIL\/MORTE%20DE%20EDUARDO%20CAMPOS\/2196,velorio-de-eduardo-campos-004.jpg\" \/><\/p>\n<p><img title=\"Foto: David Mendes \/\/ Boc\u00e3o News\" alt=\"\" src=\"http:\/\/www.bocaonews.com.br\/ckfinder\/userfiles\/fotos_e_imagens\/POLITICA\/BRASIL\/MORTE%20DE%20EDUARDO%20CAMPOS\/2196,velorio-de-eduardo-campos-005.jpg\" \/><\/p>\n<p>Sem se abalar com a r\u00e1pida manifesta\u00e7\u00e3o dos que se despedem do pol\u00edtico, Dilma se aproximou e abra\u00e7ou, emocioada, os filhos de Campos. Lula tamb\u00e9m prestou solidariedade. Quem tamb\u00e9m estava na comitiva presidencial foi o Ministro da Casa Civil, Alo\u00edsio Mercandante. Tamb\u00e9m est\u00e1 presente o ex-governador de S\u00e3o Paulo, Jos\u00e9 Serra e o atual governador, Geraldo Alckmin.<br \/>\n<img title=\"Foto: David Mendes \/\/ Boc\u00e3o News\" alt=\"\" src=\"http:\/\/www.bocaonews.com.br\/ckfinder\/userfiles\/fotos_e_imagens\/POLITICA\/BRASIL\/MORTE%20DE%20EDUARDO%20CAMPOS\/2196,velorio-de-eduardo-campos-008.jpg\" \/><br \/>\nDesde \u00e0s 2h o vel\u00f3rio teve in\u00edcio e, desde \u00e0s 6h, quando os port\u00f5es foram aberto ao p\u00fablico, uma enorme fila se formou. S\u00e3o milhares de pessoas que prestam homenagens, deixam cartazes, fazem ora\u00e7\u00f5es e tocam no caix\u00e3o do presidenci\u00e1vel que morreu no \u00faltimo dia 13.<br \/>\n<img title=\"Foto: David Mendes \/\/ Boc\u00e3o News\" alt=\"\" src=\"http:\/\/www.bocaonews.com.br\/ckfinder\/userfiles\/fotos_e_imagens\/POLITICA\/BRASIL\/MORTE%20DE%20EDUARDO%20CAMPOS\/2196,velorio-de-eduardo-campos-010.jpg\" \/><\/p>\n<p><img loading=\"lazy\" title=\"Foto: David Mendes \/\/ Boc\u00e3o News\" alt=\"\" src=\"http:\/\/www.bocaonews.com.br\/ckfinder\/userfiles\/fotos_e_imagens\/POLITICA\/BRASIL\/MORTE%20DE%20EDUARDO%20CAMPOS\/serra_fotodavidmendes-bocaonews.jpg\" width=\"640\" height=\"480\" \/><br \/>\n<strong>Enterro<\/strong><\/p>\n<p>Os sepultamentos de Eduardo Campos e de Percol ser\u00e3o no cemit\u00e9rio de Santo Amaro, na \u00e1rea central do Recife. O de Lyra ser\u00e1 sepultado no setor 2, quadra 2, lote 34 do Morada da Paz, de acordo com um amigo da v\u00edtima. Ap\u00f3s a missa campal no Pal\u00e1cio das Princesas, prevista para come\u00e7ar \u00e0s 10h, o corpo de Alexandre Severo tamb\u00e9m ser\u00e1 levado para o Morada da Paz, para a capela 4. O fot\u00f3grafo ser\u00e1 cremado no local.<\/p>\n<p>O corpo do ex-deputado federal e assessor de Campos Pedro Almeida Valadares Neto, conhecido como Pedrinho Valadares, de 48 anos, ser\u00e1 sepultado em Aracaju (SE).<\/p>\n<p>Al\u00e9m do ex-governador Eduardo Campos, as outras v\u00edtimas do acidente foram os fot\u00f3grafos pernambucanos Alexandre Severo e Marcelo Lyra; o\u00a0 jornalista e assessor de imprensa Carlos Percol; Pedro Almeida Valadares Neto, assessor de campanha e ex-deputado federal; e os pilotos Geraldo Magela Barbosa da Cunha e Marcos Martins.<\/p>\n<p>A reportagem do Boc\u00e3o News est\u00e1 no local. O rep\u00f3rter David Mendes e o fot\u00f3grafo Juarez Matias realizam a cobertura completa do caso.<\/p>\n<p>Com informa\u00e7\u00f5es e fotos do Rep\u00f3rter David Mendes<\/p>\n","protected":false},"excerpt":{"rendered":"<p>A presidente Dilma Roussef (PT) e o ex-presidente Luiz In\u00e1cio Lula da Silva chegaram por volta das 9h59 no vel\u00f3rio de Eduardo Campos , que est\u00e1 sendo realizado na sede do governo de Pernambuco. Quando a presidente se aproximou do caix\u00e3o para cumprimentar os filhos e a viuva de Campos, a popula\u00e7\u00e3o que forma a [&hellip;]<\/p>\n","protected":false},"author":2,"featured_media":0,"comment_status":"open","ping_status":"open","sticky":false,"template":"","format":"standard","meta":{"_links_to":"","_links_to_target":""},"categories":[21,1,7],"tags":[],"_links":{"self":[{"href":"https:\/\/www.blogdotarugao.com.br\/v1\/wp-json\/wp\/v2\/posts\/14980"}],"collection":[{"href":"https:\/\/www.blogdotarugao.com.br\/v1\/wp-json\/wp\/v2\/posts"}],"about":[{"href":"https:\/\/www.blogdotarugao.com.br\/v1\/wp-json\/wp\/v2\/types\/post"}],"author":[{"embeddable":true,"href":"https:\/\/www.blogdotarugao.com.br\/v1\/wp-json\/wp\/v2\/users\/2"}],"replies":[{"embeddable":true,"href":"https:\/\/www.blogdotarugao.com.br\/v1\/wp-json\/wp\/v2\/comments?post=14980"}],"version-history":[{"count":1,"href":"https:\/\/www.blogdotarugao.com.br\/v1\/wp-json\/wp\/v2\/posts\/14980\/revisions"}],"predecessor-version":[{"id":14981,"href":"https:\/\/www.blogdotarugao.com.br\/v1\/wp-json\/wp\/v2\/posts\/14980\/revisions\/14981"}],"wp:attachment":[{"href":"https:\/\/www.blogdotarugao.com.br\/v1\/wp-json\/wp\/v2\/media?parent=14980"}],"wp:term":[{"taxonomy":"category","embeddable":true,"href":"https:\/\/www.blogdotarugao.com.br\/v1\/wp-json\/wp\/v2\/categories?post=14980"},{"taxonomy":"post_tag","embeddable":true,"href":"https:\/\/www.blogdotarugao.com.br\/v1\/wp-json\/wp\/v2\/tags?post=14980"}],"curies":[{"name":"wp","href":"https:\/\/api.w.org\/{rel}","templated":true}]}}