{"id":150009,"date":"2022-07-08T09:55:46","date_gmt":"2022-07-08T12:55:46","guid":{"rendered":"http:\/\/www.blogdotarugao.com.br\/v1\/?p=150009"},"modified":"2022-07-08T15:11:15","modified_gmt":"2022-07-08T18:11:15","slug":"julho-turquesa-mes-escolhido-para-alertar-a-populacao-sobre-a-sindrome-do-olho-seco","status":"publish","type":"post","link":"https:\/\/www.blogdotarugao.com.br\/v1\/2022\/07\/08\/julho-turquesa-mes-escolhido-para-alertar-a-populacao-sobre-a-sindrome-do-olho-seco\/","title":{"rendered":"JULHO TURQUESA: M\u00caS ESCOLHIDO PARA ALERTAR A POPULA\u00c7\u00c3O SOBRE A S\u00cdNDROME DO OLHO SECO"},"content":{"rendered":"<h3><img loading=\"lazy\" class=\"wp-image-150010 alignleft\" src=\"http:\/\/www.blogdotarugao.com.br\/v1\/wp-content\/uploads\/2022\/07\/a-15.jpg\" alt=\"\" width=\"586\" height=\"469\" \/><\/h3>\n<div class=\"col-lg-4 col-md-4 col-sm-4 wow fadeInUp\" data-wow-delay=\"0.1s\">\n<h3>O Julho Turquesa foi escolhido como o m\u00eas tem\u00e1tico para informar a popula\u00e7\u00e3o sobre a s\u00edndrome do olho seco. Apesar de ser uma doen\u00e7a muito comum, poucas pessoas conhecem a causa. Essa patologia tem aparecido de maneira mais recorrente nos \u00faltimos anos, e isso tem a ver com o uso excessivo das telas. Mas calma, existem outros comportamentos que contribuem para isso. Seus olhos est\u00e3o com a sensa\u00e7\u00e3o de areia, emba\u00e7ados, ardendo ou vermelhos? Fique atento!<br \/>\nA s\u00edndrome do olho seco \u00e9 uma doen\u00e7a multifatorial que vem aumentando a cada dia no mundo inteiro e ela ocorre devido a uma lubrifica\u00e7\u00e3o inadequada da superf\u00edcie ocular ou por falta de l\u00e1grima ou por uma qualidade ruim da l\u00e1grima.<\/h3>\n<h3>Quais s\u00e3o as causas desta s\u00edndrome?<\/h3>\n<h3>As causas da s\u00edndrome do olho seco s\u00e3o: uso exagerado de ar condicionado, polui\u00e7\u00e3o, uso excessivo e inadequado de telas de computador, celular e tablets, doen\u00e7as neurol\u00f3gicas, doen\u00e7as reumatol\u00f3gicas, algumas medica\u00e7\u00f5es sist\u00eamicas, menopausa e altera\u00e7\u00f5es palpebrais.<\/h3>\n<h3>Quais s\u00e3o os sintomas?<\/h3>\n<h3>Sensa\u00e7\u00e3o de areia nos olhos, emba\u00e7amento visual, ard\u00eancia, vermelhid\u00e3o ocular e intoler\u00e2ncia as lentes de contato.<br \/>\nQuais s\u00e3o os tratamentos adequados?<br \/>\nCol\u00edrios lubrificantes e a depender do n\u00edvel, grau e do tipo de olho seco, faz-se necess\u00e1rio o uso de col\u00edrios anti-inflamat\u00f3rios, em alguns casos o uso de plugs, novas tecnologias como laser e tamb\u00e9m em casos de olho seco severo por falta de l\u00e1grimas, recorrer a uma interven\u00e7\u00e3o cir\u00fargica.<\/h3>\n<h3>Existe cura?<\/h3>\n<h3>N\u00e3o. O olho seco \u00e9 uma doen\u00e7a cr\u00f4nica que precisa ser tratada continuamente e ser avaliada pelo m\u00e9dico oftalmologista com frequ\u00eancia.<\/h3>\n<h3>O olho seco atinge mais qual perfil de pessoas?<\/h3>\n<h3>Preval\u00eancia maior em mulheres (1,7% maior), pode acontecer em qualquer idade, por\u00e9m \u00e9 mais comum em pacientes mais idosos e n\u00e3o \u00e9 gen\u00e9tico. Vale ressaltar que neste momento que estamos vivendo, com o uso exagerado de computadores e celulares, tem aumentado muito a incid\u00eancia desta doen\u00e7a, devido \u00e0 grande exposi\u00e7\u00e3o ao uso desses aparelhos eletr\u00f4nicos.<\/h3>\n<h3 class=\"title\">CONTATOS<\/h3>\n<div class=\"extra-wrap\">\n<h3><strong>Central de Agendamento \/ Marca\u00e7\u00e3o:<\/strong><br \/>\nTelefone: (77) 3262-3100 \/\u00a0Whatsapp (77) 98102-6620<\/h3>\n<p><strong>Matriz Itapetinga:<\/strong><br \/>\nEndere\u00e7o: Rua J. J. Seabra, 54, Centro<\/p>\n<p><strong>Filial Vit\u00f3ria da Conquista:<\/strong><br \/>\nEndere\u00e7o: Rua Siqueira Campos, 389 &#8211; Esquina com a Av. Ot\u00e1vio Santos<\/p>\n<p><strong>Filial Guanambi:<\/strong><br \/>\nEndere\u00e7o: Rua Dr. Francisco Jos\u00e9 Fernandes, 94, Centro<\/p>\n<p><strong>Filial Salvador:<\/strong><br \/>\nEndere\u00e7o: Av Manoel Dias da Silva, 923 &#8211; Ed. Capital Center, 3\u00ba andar &#8211; Pituba<br \/>\nTelefone: (71) 3248-0329 \/ 3248-2931 \/\u00a0Whatsapp (71) 98549-4816<\/p>\n<\/div>\n<\/div>\n","protected":false},"excerpt":{"rendered":"<p>O Julho Turquesa foi escolhido como o m\u00eas tem\u00e1tico para informar a popula\u00e7\u00e3o sobre a s\u00edndrome do olho seco. Apesar de ser uma doen\u00e7a muito comum, poucas pessoas conhecem a causa. Essa patologia tem aparecido de maneira mais recorrente nos \u00faltimos anos, e isso tem a ver com o uso excessivo das telas. Mas calma, [&hellip;]<\/p>\n","protected":false},"author":2,"featured_media":0,"comment_status":"open","ping_status":"open","sticky":false,"template":"","format":"standard","meta":{"_links_to":"","_links_to_target":""},"categories":[1],"tags":[],"_links":{"self":[{"href":"https:\/\/www.blogdotarugao.com.br\/v1\/wp-json\/wp\/v2\/posts\/150009"}],"collection":[{"href":"https:\/\/www.blogdotarugao.com.br\/v1\/wp-json\/wp\/v2\/posts"}],"about":[{"href":"https:\/\/www.blogdotarugao.com.br\/v1\/wp-json\/wp\/v2\/types\/post"}],"author":[{"embeddable":true,"href":"https:\/\/www.blogdotarugao.com.br\/v1\/wp-json\/wp\/v2\/users\/2"}],"replies":[{"embeddable":true,"href":"https:\/\/www.blogdotarugao.com.br\/v1\/wp-json\/wp\/v2\/comments?post=150009"}],"version-history":[{"count":4,"href":"https:\/\/www.blogdotarugao.com.br\/v1\/wp-json\/wp\/v2\/posts\/150009\/revisions"}],"predecessor-version":[{"id":150038,"href":"https:\/\/www.blogdotarugao.com.br\/v1\/wp-json\/wp\/v2\/posts\/150009\/revisions\/150038"}],"wp:attachment":[{"href":"https:\/\/www.blogdotarugao.com.br\/v1\/wp-json\/wp\/v2\/media?parent=150009"}],"wp:term":[{"taxonomy":"category","embeddable":true,"href":"https:\/\/www.blogdotarugao.com.br\/v1\/wp-json\/wp\/v2\/categories?post=150009"},{"taxonomy":"post_tag","embeddable":true,"href":"https:\/\/www.blogdotarugao.com.br\/v1\/wp-json\/wp\/v2\/tags?post=150009"}],"curies":[{"name":"wp","href":"https:\/\/api.w.org\/{rel}","templated":true}]}}