{"id":15037,"date":"2014-08-18T18:48:50","date_gmt":"2014-08-18T21:48:50","guid":{"rendered":"http:\/\/www.blogdotarugao.com.br\/v1\/?p=15037"},"modified":"2014-08-18T18:48:50","modified_gmt":"2014-08-18T21:48:50","slug":"desafio-entenda-porque-famosos-estao-tomando-banho-de-gelo-e-postando-em-rede-social","status":"publish","type":"post","link":"https:\/\/www.blogdotarugao.com.br\/v1\/2014\/08\/18\/desafio-entenda-porque-famosos-estao-tomando-banho-de-gelo-e-postando-em-rede-social\/","title":{"rendered":"Desafio: entenda porque famosos est\u00e3o tomando banho de gelo e postando em rede social"},"content":{"rendered":"<p>Nas \u00faltimas semanas uma a\u00e7\u00e3o tem movimentado as redes sociais e chamado a aten\u00e7\u00e3o dos internautas. O &#8216;#IceBucketChallenge&#8217; se iniciou no fim de julho nos Estados Unidos, com o objetivo de ajudar a ALS Association, uma organiza\u00e7\u00e3o sem fins lucrativos, que arrecada fundos para financiar pesquisas e ajudar pacientes com a doen\u00e7a ELA &#8211; esclerose lateral amiotr\u00f3fica, tamb\u00e9m conhecida como doen\u00e7a de Lou Gehrig.<\/p>\n<p>No Brasil, a Associa\u00e7\u00e3o Pr\u00f3-Cura da ELA tamb\u00e9m necessita de doa\u00e7\u00f5es e, por conta disso, artistas nacionais decidiram entrar na brincareira, que no pa\u00eds ganhou o nome de &#8216;Desafio do Gelo&#8217;. Um dos primeiros brasileiros a ter o v\u00eddeo postado no Instagram foi o jogador Marcelo, que desafiou Neymar, Luciano Huck e Paulo Gustavo.<\/p>\n<p>Para participar da a\u00e7\u00e3o, a pessoa precisa ser desafiada por algu\u00e9m. Caso ela aceite o desafio, \u00e9 necess\u00e1rio jogar um balde de \u00e1gua fria no pr\u00f3prio corpo e desafiar outros tr\u00eas amigos. Se a pessoa desistir, precisa doar um valor para a associa\u00e7\u00e3o. Artistas internacionais como Jennifer Lopez, Justin Bieber, Justin Timberlake, Adam Levine, al\u00e9m de Mark Zuckerberg e at\u00e9 Bill Gates aderiram a campanha e postaram os v\u00eddeos nas redes sociais.<\/p>\n<p>O ex-jogador do Santos e o apresentador global logo aceitaram participar da a\u00e7\u00e3o e tomaram banho de \u00e1gua fria. N\u00e3o demorou muito e as redes sociais foram tomadas por v\u00eddeos de famosos que aderiram \u00e0 a\u00e7\u00e3o. Entre eles Ivete Sangalo, Ang\u00e9lica, Thiaguinho, Fernanda Paes Leme e Preta Gil. Assista alguns:<\/p>\n<div id=\"post-body-6042750427436648314\" class=\"post-body entry-content\" style=\"color: #eeeeee;\">\n<div class=\"bodytext\">\n<table class=\"middle\">\n<thead>\n<tr>\n<th scope=\"col\">\n<div class=\"bodytext\"><span style=\"color: #f3f3f3;\"><img loading=\"lazy\" title=\"Reprodu\u00e7\u00e3o\/Instagram\" src=\"http:\/\/w3.c24hsttc.net\/uploads\/RTEmagicC_62892c76ed.jpg.jpg\" alt=\"\" width=\"560\" height=\"360\" \/><\/span><\/div>\n<\/th>\n<\/tr>\n<\/thead>\n<tbody>\n<tr>\n<td>\n<div class=\"bodytext\"><span style=\"color: #f3f3f3;\">Mark Zuckerberg e Bill Gates participaram do desafio<\/span><\/div>\n<\/td>\n<\/tr>\n<\/tbody>\n<\/table>\n<\/div>\n<div class=\"bodytext\">ta<\/div>\n<div><span style=\"color: #f3f3f3;\">\u00a0<\/span><\/div>\n<div><\/div>\n<div>\n<table class=\"middle\">\n<thead>\n<tr>\n<th scope=\"col\">\n<div class=\"bodytext\"><span style=\"color: #f3f3f3;\"><img loading=\"lazy\" title=\"Reprodu\u00e7\u00e3o\/Instagram\" src=\"http:\/\/w1.c24hsttc.net\/uploads\/RTEmagicC_d53a46d5af.jpg.jpg\" alt=\"\" width=\"560\" height=\"612\" \/><\/span><\/div>\n<\/th>\n<\/tr>\n<\/thead>\n<tbody>\n<tr>\n<td>\n<div class=\"bodytext\"><span style=\"color: #f3f3f3;\">Justin Bieber tomou banho de \u00e1gua fria duas vezes em prol da campanha<\/span><\/div>\n<\/td>\n<\/tr>\n<\/tbody>\n<\/table>\n<\/div>\n<div>\n<table class=\"middle\">\n<thead>\n<tr>\n<th scope=\"col\">\n<div class=\"bodytext\"><span style=\"color: #f3f3f3;\">\u00a0<\/span><\/div>\n<div class=\"bodytext\"><span style=\"color: #f3f3f3;\"><img loading=\"lazy\" title=\"Reprodu\u00e7\u00e3o\/Instagram\" src=\"http:\/\/w2.c24hsttc.net\/uploads\/RTEmagicC_4e526ae52f.jpg.jpg\" alt=\"\" width=\"560\" height=\"360\" \/><\/span><\/div>\n<\/th>\n<\/tr>\n<\/thead>\n<tbody>\n<tr>\n<td>\n<div class=\"bodytext\"><span style=\"color: #f3f3f3;\">Marcelo foi um dos primeiros brasileiros a ter o v\u00eddeo postado nas redes sociais<\/span><\/div>\n<\/td>\n<\/tr>\n<\/tbody>\n<\/table>\n<\/div>\n<div class=\"bodytext\"><\/div>\n<div><span style=\"color: #f3f3f3;\">\u00a0<\/span><\/div>\n<div class=\"bodytext\"><span style=\"color: #f3f3f3;\"><iframe loading=\"lazy\" src=\"http:\/\/www.youtube.com\/embed\/Z8KgCYdCPzE?feature=player_embedded\" width=\"640\" height=\"360\" frameborder=\"0\"><\/iframe><iframe loading=\"lazy\" src=\"http:\/\/www.youtube.com\/embed\/h60Hanm9kng?feature=player_embedded\" width=\"640\" height=\"360\" frameborder=\"0\"><\/iframe><iframe loading=\"lazy\" src=\"http:\/\/www.youtube.com\/embed\/XS6ysDFTbLU?feature=player_embedded\" width=\"640\" height=\"360\" frameborder=\"0\"><\/iframe><iframe loading=\"lazy\" src=\"http:\/\/instagram.com\/p\/r0LVRDn2Y0\/embed\/\" width=\"612\" height=\"710\" frameborder=\"0\" scrolling=\"no\"><\/iframe>\u00a0<iframe loading=\"lazy\" src=\"http:\/\/instagram.com\/p\/r0KgZBMsYJ\/embed\/\" width=\"612\" height=\"710\" frameborder=\"0\" scrolling=\"no\"><\/iframe>\u00a0<iframe loading=\"lazy\" src=\"http:\/\/instagram.com\/p\/r0F52szMHf\/embed\/\" width=\"612\" height=\"710\" frameborder=\"0\" scrolling=\"no\"><\/iframe>\u00a0<iframe loading=\"lazy\" src=\"http:\/\/instagram.com\/p\/r0sA63Gosj\/embed\/\" width=\"612\" height=\"710\" frameborder=\"0\" scrolling=\"no\"><\/iframe>\u00a0<iframe loading=\"lazy\" src=\"http:\/\/instagram.com\/p\/r0FDjRRtjV\/embed\/\" width=\"612\" height=\"710\" frameborder=\"0\" scrolling=\"no\"><\/iframe><\/span><\/div>\n<div class=\"bodytext\"><\/div>\n<div><\/div>\n<\/div>\n<div class=\"post-footer\" style=\"color: #eeeeee;\">\n<div class=\"post-footer-line post-footer-line-1\"><span class=\"post-timestamp\">\u00e0<\/span><\/div>\n<\/div>\n","protected":false},"excerpt":{"rendered":"<p>Nas \u00faltimas semanas uma a\u00e7\u00e3o tem movimentado as redes sociais e chamado a aten\u00e7\u00e3o dos internautas. O &#8216;#IceBucketChallenge&#8217; se iniciou no fim de julho nos Estados Unidos, com o objetivo de ajudar a ALS Association, uma organiza\u00e7\u00e3o sem fins lucrativos, que arrecada fundos para financiar pesquisas e ajudar pacientes com a doen\u00e7a ELA &#8211; esclerose [&hellip;]<\/p>\n","protected":false},"author":2,"featured_media":0,"comment_status":"open","ping_status":"open","sticky":false,"template":"","format":"standard","meta":{"_links_to":"","_links_to_target":""},"categories":[21,1,32,34],"tags":[],"_links":{"self":[{"href":"https:\/\/www.blogdotarugao.com.br\/v1\/wp-json\/wp\/v2\/posts\/15037"}],"collection":[{"href":"https:\/\/www.blogdotarugao.com.br\/v1\/wp-json\/wp\/v2\/posts"}],"about":[{"href":"https:\/\/www.blogdotarugao.com.br\/v1\/wp-json\/wp\/v2\/types\/post"}],"author":[{"embeddable":true,"href":"https:\/\/www.blogdotarugao.com.br\/v1\/wp-json\/wp\/v2\/users\/2"}],"replies":[{"embeddable":true,"href":"https:\/\/www.blogdotarugao.com.br\/v1\/wp-json\/wp\/v2\/comments?post=15037"}],"version-history":[{"count":1,"href":"https:\/\/www.blogdotarugao.com.br\/v1\/wp-json\/wp\/v2\/posts\/15037\/revisions"}],"predecessor-version":[{"id":15038,"href":"https:\/\/www.blogdotarugao.com.br\/v1\/wp-json\/wp\/v2\/posts\/15037\/revisions\/15038"}],"wp:attachment":[{"href":"https:\/\/www.blogdotarugao.com.br\/v1\/wp-json\/wp\/v2\/media?parent=15037"}],"wp:term":[{"taxonomy":"category","embeddable":true,"href":"https:\/\/www.blogdotarugao.com.br\/v1\/wp-json\/wp\/v2\/categories?post=15037"},{"taxonomy":"post_tag","embeddable":true,"href":"https:\/\/www.blogdotarugao.com.br\/v1\/wp-json\/wp\/v2\/tags?post=15037"}],"curies":[{"name":"wp","href":"https:\/\/api.w.org\/{rel}","templated":true}]}}