{"id":15039,"date":"2014-08-18T19:02:10","date_gmt":"2014-08-18T22:02:10","guid":{"rendered":"http:\/\/www.blogdotarugao.com.br\/v1\/?p=15039"},"modified":"2014-08-18T19:06:31","modified_gmt":"2014-08-18T22:06:31","slug":"viuva-de-eduardo-campos-completa-hoje-47-anos","status":"publish","type":"post","link":"https:\/\/www.blogdotarugao.com.br\/v1\/2014\/08\/18\/viuva-de-eduardo-campos-completa-hoje-47-anos\/","title":{"rendered":"Vi\u00fava de Eduardo Campos completa, hoje, 47 anos"},"content":{"rendered":"<p><span style=\"color: #444444;\"><a href=\"http:\/\/www.blogdotarugao.com.br\/v1\/wp-content\/uploads\/2014\/08\/RenataCampos-JuarezMatias.jpg\" class=\"gallery_colorbox\"><img loading=\"lazy\" class=\"aligncenter  wp-image-15041\" src=\"http:\/\/www.blogdotarugao.com.br\/v1\/wp-content\/uploads\/2014\/08\/RenataCampos-JuarezMatias.jpg\"  alt=\"RenataCampos-JuarezMatias\" width=\"593\" height=\"531\" \/><\/a>A data desta segunda-feira (18) ficar\u00e1 marcada para a vi\u00fava do candidato Eduardo Campos, que morreu num acidente a\u00e9reo na \u00faltima quarta-feira (13), em Santos. Tudo porque nesta dia, Renata Campos est\u00e1 completando 47 anos de vida. Apesar da dor recente, Renata reuniu nesta manh\u00e3, lideran\u00e7as do PSB e partidos aliados que comp\u00f5em a Frente Popular de Pernambuco.<\/span><\/p>\n<p><span style=\"color: #444444;\">Durante o seu pronunciamento, divulgado pelo G1, Renata refor\u00e7ou que &#8220;gostaria de agradecer&#8221;. Ainda em suas palavras, a vi\u00fava de Campos indagou: &#8220;devem estar pensando &#8216;Renata, aqui, hoje?&#8217;. Eu estava com ele [Eduardo Campos] quando pediu a realiza\u00e7\u00e3o da reuni\u00e3o. Depois da trag\u00e9dia, Sileno [Guedes, presidente do PSB estadual] me perguntou &#8216;E agora?&#8217; E eu disse &#8216;Mant\u00e9m tudo como ele queria&#8217;. Eu, como participei a vida toda de campanhas, n\u00e3o ser\u00e1 diferente nessa. Tenho a impress\u00e3o que tenho que participar por dois.&#8221;<\/span><\/p>\n<p>Ela \u00e9 m\u00e3e dos cinco filhos de\u00a0 Eduardo Campos, o mais novo com menos de sete meses. Ela chegou ao evento do PSB cercada dos filhos e do irm\u00e3o de Eduardo Campos, Ant\u00f4nio Campos. Ela pediu votos para os candidatos apoiados pelo marido.<\/p>\n","protected":false},"excerpt":{"rendered":"<p>A data desta segunda-feira (18) ficar\u00e1 marcada para a vi\u00fava do candidato Eduardo Campos, que morreu num acidente a\u00e9reo na \u00faltima quarta-feira (13), em Santos. Tudo porque nesta dia, Renata Campos est\u00e1 completando 47 anos de vida. Apesar da dor recente, Renata reuniu nesta manh\u00e3, lideran\u00e7as do PSB e partidos aliados que comp\u00f5em a Frente [&hellip;]<\/p>\n","protected":false},"author":2,"featured_media":0,"comment_status":"open","ping_status":"open","sticky":false,"template":"","format":"standard","meta":{"_links_to":"","_links_to_target":""},"categories":[21,1,7],"tags":[],"_links":{"self":[{"href":"https:\/\/www.blogdotarugao.com.br\/v1\/wp-json\/wp\/v2\/posts\/15039"}],"collection":[{"href":"https:\/\/www.blogdotarugao.com.br\/v1\/wp-json\/wp\/v2\/posts"}],"about":[{"href":"https:\/\/www.blogdotarugao.com.br\/v1\/wp-json\/wp\/v2\/types\/post"}],"author":[{"embeddable":true,"href":"https:\/\/www.blogdotarugao.com.br\/v1\/wp-json\/wp\/v2\/users\/2"}],"replies":[{"embeddable":true,"href":"https:\/\/www.blogdotarugao.com.br\/v1\/wp-json\/wp\/v2\/comments?post=15039"}],"version-history":[{"count":3,"href":"https:\/\/www.blogdotarugao.com.br\/v1\/wp-json\/wp\/v2\/posts\/15039\/revisions"}],"predecessor-version":[{"id":15043,"href":"https:\/\/www.blogdotarugao.com.br\/v1\/wp-json\/wp\/v2\/posts\/15039\/revisions\/15043"}],"wp:attachment":[{"href":"https:\/\/www.blogdotarugao.com.br\/v1\/wp-json\/wp\/v2\/media?parent=15039"}],"wp:term":[{"taxonomy":"category","embeddable":true,"href":"https:\/\/www.blogdotarugao.com.br\/v1\/wp-json\/wp\/v2\/categories?post=15039"},{"taxonomy":"post_tag","embeddable":true,"href":"https:\/\/www.blogdotarugao.com.br\/v1\/wp-json\/wp\/v2\/tags?post=15039"}],"curies":[{"name":"wp","href":"https:\/\/api.w.org\/{rel}","templated":true}]}}