{"id":15044,"date":"2014-08-18T20:20:10","date_gmt":"2014-08-18T23:20:10","guid":{"rendered":"http:\/\/www.blogdotarugao.com.br\/v1\/?p=15044"},"modified":"2014-08-18T20:20:10","modified_gmt":"2014-08-18T23:20:10","slug":"vivemos-a-3a-guerra-mundial-diz-papa-francisco","status":"publish","type":"post","link":"https:\/\/www.blogdotarugao.com.br\/v1\/2014\/08\/18\/vivemos-a-3a-guerra-mundial-diz-papa-francisco\/","title":{"rendered":"&#8216;Vivemos a 3\u00aa Guerra Mundial&#8217;, diz Papa Francisco"},"content":{"rendered":"<p><img src=\"http:\/\/imguol.com\/c\/noticias\/2014\/08\/18\/18ago2014---papa-francisco-se-encontra-na-catedral-de-seoul-com-mulheres-que-foram-vitimas-de-abusos-sexuais-por-soldados-japoneses-na-coreia-do-sul-durante-a-segunda-guerra-mundial-o-pontifice-1408385054358_300x420.jpg\" alt=\"18.ago.2014 - Papa Francisco se encontra, na Catedral de Seoul, com mulheres que foram v\u00edtimas de abusos sexuais por soldados japoneses na Coreia do Sul durante a Segunda Guerra Mundial\" \/><\/p>\n<p>Ap\u00f3s uma viagem de cinco dias \u00e0 Coreia do Sul, o papa Francisco voltou nesta segunda-feira (18) \u00e0 It\u00e1lia, mas n\u00e3o sem fazer duras cr\u00edticas aos confrontos mundiais durante seu v\u00f4o de regresso a Roma. &#8220;Vivemos a Terceira Guerra Mundial, mas em fragmentos&#8221;, disse o Pont\u00edfice.<\/p>\n<p>Destacando que as guerras est\u00e3o atingindo &#8220;um n\u00edvel de crueldade espantoso&#8221;, Francisco afirmou que &#8220;\u00e9 l\u00edcito interromper uma agress\u00e3o, mas n\u00e3o bombardear&#8221;. &#8220;Quando h\u00e1 uma agress\u00e3o injusta, posso dizer que \u00e9 l\u00edcito parar o agressor. Mas ressalto o verbo parar, porque isso n\u00e3o significa bombardear ou fazer uma guerra&#8221;, afirmou o Papa sobre os ataques norte-americanos ao Iraque com o objetivo de destruir rebeldes jihadistas do Estado Isl\u00e2mico (EI), que recentemente declarou a cria\u00e7\u00e3o de um califado e come\u00e7ou a perseguir civis e crist\u00e3os.<\/p>\n<p>&#8220;A tortura se tornou quase um meio ordin\u00e1rio. Esses s\u00e3o os frutos da guerra. Estamos em guerra, h\u00e1 a Terceira Guerra Mundial, mas em fragmentos'&#8221;, disse o Papa, referindo-se aos conflitos simult\u00e2neos que atingem o mundo, como as crises na S\u00edria, no Iraque, na pen\u00ednsula coreana, no continente africano na Faixa de Gaza.<\/p>\n<p>No \u00faltimo m\u00eas, Francisco fez constantes apelos de paz para o Iraque e at\u00e9 enviou um representante do Vaticano ao pa\u00eds para entregar apoio financeiro e emocional aos crist\u00e3os perseguidos pelo Isis. Ele tamb\u00e9m promoveu um encontro entre lideran\u00e7as palestinas e israelenses para incentivar o di\u00e1logo no Vaticano. &#8220;O encontro no Vaticano entre o presidente israelense Shimon Peres e o palestino Mahmoud Abbas n\u00e3o foi in\u00fatil, apesar de hoje a situa\u00e7\u00e3o na Terra Santa ter se deteriorado&#8221;, disse o Papa em seu v\u00f4o da Coreia do Sul.<\/p>\n<p>&#8220;Foi aberta uma porta, mas, agora, a fuma\u00e7a das bombas n\u00e3o permite que esta porta seja vista&#8221;, completou, no mesmo dia em que um\u00a0<a id=\"FALINK_2_0_1\" class=\"FAtxtL\" style=\"font-weight: normal !important;\" href=\"http:\/\/noticias.uol.com.br\/ultimas-noticias\/ansa\/2014\/08\/18\/vivemos-a-3-guerra-mundial-diz-papa-francisco.htm#\">novo<\/a>\u00a0balando aponta para dois mil mortos na Faixa de Gaza na \u00faltima ofensiva israelense. Ainda na conversa com a imprensa dentro do avi\u00e3o, Francisco contou que tem vontade de visitar a China e que, se &#8220;pudesse, viajaria amanh\u00e3&#8221;. &#8220;Estou disposto tamb\u00e9m a ir ao Curdist\u00e3o, se houver possibilidade&#8221;, disse Jorge Mario Bergoglio. Francisco aterrissou em Roma por volta das 18h10 locais, no aeroporto de Ciampini. Ele trouxe um ramo de flores que recebeu de uma menina sul-coreana chamada Mary Sol, de 7 anos de\u00a0<a id=\"FALINK_1_0_0\" class=\"FAtxtL\" style=\"font-weight: normal !important;\" href=\"http:\/\/noticias.uol.com.br\/ultimas-noticias\/ansa\/2014\/08\/18\/vivemos-a-3-guerra-mundial-diz-papa-francisco.htm#\">idade<\/a>.<\/p>\n","protected":false},"excerpt":{"rendered":"<p>Ap\u00f3s uma viagem de cinco dias \u00e0 Coreia do Sul, o papa Francisco voltou nesta segunda-feira (18) \u00e0 It\u00e1lia, mas n\u00e3o sem fazer duras cr\u00edticas aos confrontos mundiais durante seu v\u00f4o de regresso a Roma. &#8220;Vivemos a Terceira Guerra Mundial, mas em fragmentos&#8221;, disse o Pont\u00edfice. Destacando que as guerras est\u00e3o atingindo &#8220;um n\u00edvel de [&hellip;]<\/p>\n","protected":false},"author":2,"featured_media":0,"comment_status":"open","ping_status":"open","sticky":false,"template":"","format":"standard","meta":{"_links_to":"","_links_to_target":""},"categories":[5],"tags":[],"_links":{"self":[{"href":"https:\/\/www.blogdotarugao.com.br\/v1\/wp-json\/wp\/v2\/posts\/15044"}],"collection":[{"href":"https:\/\/www.blogdotarugao.com.br\/v1\/wp-json\/wp\/v2\/posts"}],"about":[{"href":"https:\/\/www.blogdotarugao.com.br\/v1\/wp-json\/wp\/v2\/types\/post"}],"author":[{"embeddable":true,"href":"https:\/\/www.blogdotarugao.com.br\/v1\/wp-json\/wp\/v2\/users\/2"}],"replies":[{"embeddable":true,"href":"https:\/\/www.blogdotarugao.com.br\/v1\/wp-json\/wp\/v2\/comments?post=15044"}],"version-history":[{"count":1,"href":"https:\/\/www.blogdotarugao.com.br\/v1\/wp-json\/wp\/v2\/posts\/15044\/revisions"}],"predecessor-version":[{"id":15045,"href":"https:\/\/www.blogdotarugao.com.br\/v1\/wp-json\/wp\/v2\/posts\/15044\/revisions\/15045"}],"wp:attachment":[{"href":"https:\/\/www.blogdotarugao.com.br\/v1\/wp-json\/wp\/v2\/media?parent=15044"}],"wp:term":[{"taxonomy":"category","embeddable":true,"href":"https:\/\/www.blogdotarugao.com.br\/v1\/wp-json\/wp\/v2\/categories?post=15044"},{"taxonomy":"post_tag","embeddable":true,"href":"https:\/\/www.blogdotarugao.com.br\/v1\/wp-json\/wp\/v2\/tags?post=15044"}],"curies":[{"name":"wp","href":"https:\/\/api.w.org\/{rel}","templated":true}]}}