{"id":15060,"date":"2014-08-18T22:26:45","date_gmt":"2014-08-19T01:26:45","guid":{"rendered":"http:\/\/www.blogdotarugao.com.br\/v1\/?p=15060"},"modified":"2014-08-18T22:26:45","modified_gmt":"2014-08-19T01:26:45","slug":"dilma-se-recusa-a-comentar-comportamento-de-petistas-diante-do-mensalao","status":"publish","type":"post","link":"https:\/\/www.blogdotarugao.com.br\/v1\/2014\/08\/18\/dilma-se-recusa-a-comentar-comportamento-de-petistas-diante-do-mensalao\/","title":{"rendered":"Dilma se recusa a comentar comportamento de petistas diante do mensal\u00e3o"},"content":{"rendered":"<p class=\"bodytext\">Dilma afirmou que foram os governos do PT os que mais investiram em mecanismo de combate \u00e0 corrup\u00e7\u00e3o<\/p>\n<p class=\"bodytext\">A presidente e candidata \u00e0 reelei\u00e7\u00e3o, Dilma Rousseff, rebateu nesta segunda-feira, durante entrevista ao Jornal Nacional, da TV Globo, que seu governo foi complacente com a corrup\u00e7\u00e3o. Questionada sobre a dificuldade de formar desde o in\u00edcio de seu governo uma equipe \u201chonesta\u201d, Dilma afirmou que foram os governos do PT os que mais investiram em mecanismo de combate \u00e0 corrup\u00e7\u00e3o.<\/p>\n<p class=\"bodytext\">\u201cA Pol\u00edcia Federal no meu governo e no governo Lula ganhou imensa autonomia para investigar, punir e prender\u201d, disse. Dilma destacou ainda a atua\u00e7\u00e3o do Minist\u00e9rio Publico e disse que o governo petista tem uma \u201csitua\u00e7\u00e3o muito respeitosa\u201d com o MP. \u201cNo nosso governo nenhum procurador foi chamado de \u201cengavetador geral da Rep\u00fablica\u201d, disse, referindo-se ao procurador-geral do governo de Fernando Henrique Cardoso (PSDB), Geraldo Brindeiro.<\/p>\n<p class=\"bodytext\">A presidente ressaltou que apesar do n\u00famero elevado de den\u00fancias de corrup\u00e7\u00e3o no seu governo, como elencou o apresentador do Jornal Nacional, nem todas resultaram em comprova\u00e7\u00e3o de crime. \u201cMuitos daqueles que foram (acusados) pela m\u00eddia como tendo praticado atos indevidos foram posteriormente inocentados\u201d, afirmou. \u201cNem todas as den\u00fancias de esc\u00e2ndalo resultaram na constata\u00e7\u00e3o de puni\u00e7\u00e3o e condena\u00e7\u00e3o.\u201d<\/p>\n<table class=\"middle\">\n<thead>\n<tr>\n<th scope=\"col\">\n<p class=\"bodytext\"><img loading=\"lazy\" src=\"http:\/\/w3.c24hsttc.net\/uploads\/RTEmagicC_dilmaJN.png.png\" alt=\"\" width=\"615\" height=\"300\" \/><\/p>\n<\/th>\n<\/tr>\n<\/thead>\n<tbody>\n<tr>\n<td>\n<p class=\"bodytext\">(Foto: Reprodu\u00e7\u00e3o\/TV Globo)<\/p>\n<\/td>\n<\/tr>\n<\/tbody>\n<\/table>\n<p class=\"bodytext\">Questionada sobre a press\u00e3o dos partidos para manter espa\u00e7o ap\u00f3s trocas de membros acusados de corrup\u00e7\u00e3o, Dilma afirmou que os \u201cpartidos podem fazer exig\u00eancias (de indica\u00e7\u00f5es) e eu s\u00f3 aceito quando s\u00e3o \u00edntegros e competentes\u201d. \u201cRecentemente fui muito criticada por ter substitu\u00eddo Cesar Borges (no Minist\u00e9rio dos Transportes) pelo Paulo S\u00e9rgio\u201d, lembrou. \u201cOs dois s\u00e3o pessoas que escolhi, que eu confio.\u201d<\/p>\n<p class=\"bodytext\"><span style=\"font-weight: bold;\">Mensal\u00e3o<\/span><br \/>\nA presidente n\u00e3o quis comentar as condena\u00e7\u00f5es de integrantes do PT no processo do mensal\u00e3o. Segundo Dilma, como atual presidente da Rep\u00fablica, n\u00e3o \u00e9 adequado questionar decis\u00f5es do Supremo Tribunal Federal (STF). \u201cN\u00e3o fa\u00e7o observa\u00e7\u00e3o sobre julgamentos do Supremo por um motivo simples, a constitui\u00e7\u00e3o exige que o presidente da Rep\u00fablica, como exige dos demais chefes de poder, que respeitemos e consideremos a import\u00e2ncia da autonomia do Supremo\u201d, afirmou.<\/p>\n<p class=\"bodytext\">Sobre a atua\u00e7\u00e3o do seu partido no caso, que tratou os condenados \u201ccomo guerreiros\u201d, Dilma esquivou-se. \u201cTenho minhas opini\u00f5es pessoais\u201d, disse. \u201cN\u00e3o vou tomar posi\u00e7\u00e3o que me coloque em confronto; respeito a decis\u00e3o da Suprema Corte\u201d, refor\u00e7ou.<\/p>\n<p class=\"bodytext\">A entrevista com a presidente Dilma, que aconteceria no dia 13, foi cancelada por conta da morte do ent\u00e3o candidato do PSB Eduardo Campos. Da mesma forma, Pastor Everaldo (PSC) tamb\u00e9m teve sua participa\u00e7\u00e3o adiada da semana que vem para amanh\u00e3. A\u00e9cio Neves (PSDB) j\u00e1 participou do programa, no dia 12, assim como o pr\u00f3prio Campos, que concedeu entrevista na v\u00e9spera do acidente que culminou com sua morte.<\/p>\n<p class=\"bodytext\">Assim que o PSB oficializar a escolha de Marina Silva como substituta de Campos, a TV Globo deve convid\u00e1-la para comparecer a bancada do Jornal Nacional. A data ainda n\u00e3o foi escolhida, mas deve ser na semana que vem.<\/p>\n","protected":false},"excerpt":{"rendered":"<p>Dilma afirmou que foram os governos do PT os que mais investiram em mecanismo de combate \u00e0 corrup\u00e7\u00e3o A presidente e candidata \u00e0 reelei\u00e7\u00e3o, Dilma Rousseff, rebateu nesta segunda-feira, durante entrevista ao Jornal Nacional, da TV Globo, que seu governo foi complacente com a corrup\u00e7\u00e3o. Questionada sobre a dificuldade de formar desde o in\u00edcio de [&hellip;]<\/p>\n","protected":false},"author":2,"featured_media":0,"comment_status":"open","ping_status":"open","sticky":false,"template":"","format":"standard","meta":{"_links_to":"","_links_to_target":""},"categories":[14,21,29,1,7],"tags":[],"_links":{"self":[{"href":"https:\/\/www.blogdotarugao.com.br\/v1\/wp-json\/wp\/v2\/posts\/15060"}],"collection":[{"href":"https:\/\/www.blogdotarugao.com.br\/v1\/wp-json\/wp\/v2\/posts"}],"about":[{"href":"https:\/\/www.blogdotarugao.com.br\/v1\/wp-json\/wp\/v2\/types\/post"}],"author":[{"embeddable":true,"href":"https:\/\/www.blogdotarugao.com.br\/v1\/wp-json\/wp\/v2\/users\/2"}],"replies":[{"embeddable":true,"href":"https:\/\/www.blogdotarugao.com.br\/v1\/wp-json\/wp\/v2\/comments?post=15060"}],"version-history":[{"count":1,"href":"https:\/\/www.blogdotarugao.com.br\/v1\/wp-json\/wp\/v2\/posts\/15060\/revisions"}],"predecessor-version":[{"id":15061,"href":"https:\/\/www.blogdotarugao.com.br\/v1\/wp-json\/wp\/v2\/posts\/15060\/revisions\/15061"}],"wp:attachment":[{"href":"https:\/\/www.blogdotarugao.com.br\/v1\/wp-json\/wp\/v2\/media?parent=15060"}],"wp:term":[{"taxonomy":"category","embeddable":true,"href":"https:\/\/www.blogdotarugao.com.br\/v1\/wp-json\/wp\/v2\/categories?post=15060"},{"taxonomy":"post_tag","embeddable":true,"href":"https:\/\/www.blogdotarugao.com.br\/v1\/wp-json\/wp\/v2\/tags?post=15060"}],"curies":[{"name":"wp","href":"https:\/\/api.w.org\/{rel}","templated":true}]}}