{"id":15081,"date":"2014-08-19T08:52:56","date_gmt":"2014-08-19T11:52:56","guid":{"rendered":"http:\/\/www.blogdotarugao.com.br\/v1\/?p=15081"},"modified":"2014-08-19T08:52:56","modified_gmt":"2014-08-19T11:52:56","slug":"vereador-defende-familias-desabrigadas-de-itapetinga-e-e-hostilizado-por-lideres-do-prefeito","status":"publish","type":"post","link":"https:\/\/www.blogdotarugao.com.br\/v1\/2014\/08\/19\/vereador-defende-familias-desabrigadas-de-itapetinga-e-e-hostilizado-por-lideres-do-prefeito\/","title":{"rendered":"Vereador defende fam\u00edlias desabrigadas de Itapetinga e \u00e9 hostilizado por lideres do prefeito"},"content":{"rendered":"<p><img loading=\"lazy\" src=\"http:\/\/1.bp.blogspot.com\/-MSu-bevhAY8\/U_IjgszMmlI\/AAAAAAAAKF0\/ytwTOTwwFk4\/s1600\/P1010310.JPG\" alt=\"\" width=\"592\" height=\"480\" \/><\/p>\n<p>O vereador Eliomar Barreira \u201cTarug\u00e3o\u201d viu de perto o sofrimento de fam\u00edlias que n\u00e3o tem onde morar e ao inv\u00e9s de fazer vistas grossas como muitos fizeram, ele optou por lutar junto as fam\u00edlias, mas por conta disso est\u00e1 sendo atacado por uma legi\u00e3o de \u201cdem\u00f4nios\u201d que n\u00e3o sabem a dor daqueles que n\u00e3o tem para onde ir.<br \/>\nPraticamente sozinho o vereador iniciou uma briga travada contra aqueles que muitos chamam de come-feiras, pois tentam de qualquer forma impedi-lo de defender a classe necessitada, jogando sujo de forma vergonhosa.<\/p>\n<p>Tarug\u00e3o ao ceder os microfones \u00e0 comunidade principalmente as fam\u00edlias desabrigadas da cidade no seus programas de r\u00e1dio \u201cResenha da Cidade e Jornal da Cidade\u201d e com sua eficiente equipe, Roberto Cleb\u00e9r, Ces\u00e1r Soares e Diego Rodrigues, ganhou muitos afetos e apoio da popula\u00e7\u00e3o municipal, mas teve tamb\u00e9m desafetos vindo da turma do prefeito da cidade onde vem gerando nos \u00faltimos dias grande pol\u00eamica e acusa\u00e7\u00f5es.<\/p>\n<p>Nesta luta que n\u00e3o sabemos como terminar\u00e1, ficam as fam\u00edlias que n\u00e3o foram contempladas no \u201cPrograma Minha casa Minha Vida\u201d com filhos, bagagens e crian\u00e7as de colo sem saber para onde ir, tendo apenas \u201cJesus Cristo\u201d como intercessor e o apoio do Vereador Tarug\u00e3o Barreira al\u00e9m da popula\u00e7\u00e3o e de sites e blogs que batem de testa contra tal fac\u00e7\u00e3o que s\u00f3 pensam neles pr\u00f3prios.<\/p>\n<p><strong>IsrraelDamaceno\/G1cidade<\/strong><\/p>\n","protected":false},"excerpt":{"rendered":"<p>O vereador Eliomar Barreira \u201cTarug\u00e3o\u201d viu de perto o sofrimento de fam\u00edlias que n\u00e3o tem onde morar e ao inv\u00e9s de fazer vistas grossas como muitos fizeram, ele optou por lutar junto as fam\u00edlias, mas por conta disso est\u00e1 sendo atacado por uma legi\u00e3o de \u201cdem\u00f4nios\u201d que n\u00e3o sabem a dor daqueles que n\u00e3o tem [&hellip;]<\/p>\n","protected":false},"author":2,"featured_media":0,"comment_status":"open","ping_status":"open","sticky":false,"template":"","format":"standard","meta":{"_links_to":"","_links_to_target":""},"categories":[6,2,1,3],"tags":[],"_links":{"self":[{"href":"https:\/\/www.blogdotarugao.com.br\/v1\/wp-json\/wp\/v2\/posts\/15081"}],"collection":[{"href":"https:\/\/www.blogdotarugao.com.br\/v1\/wp-json\/wp\/v2\/posts"}],"about":[{"href":"https:\/\/www.blogdotarugao.com.br\/v1\/wp-json\/wp\/v2\/types\/post"}],"author":[{"embeddable":true,"href":"https:\/\/www.blogdotarugao.com.br\/v1\/wp-json\/wp\/v2\/users\/2"}],"replies":[{"embeddable":true,"href":"https:\/\/www.blogdotarugao.com.br\/v1\/wp-json\/wp\/v2\/comments?post=15081"}],"version-history":[{"count":1,"href":"https:\/\/www.blogdotarugao.com.br\/v1\/wp-json\/wp\/v2\/posts\/15081\/revisions"}],"predecessor-version":[{"id":15082,"href":"https:\/\/www.blogdotarugao.com.br\/v1\/wp-json\/wp\/v2\/posts\/15081\/revisions\/15082"}],"wp:attachment":[{"href":"https:\/\/www.blogdotarugao.com.br\/v1\/wp-json\/wp\/v2\/media?parent=15081"}],"wp:term":[{"taxonomy":"category","embeddable":true,"href":"https:\/\/www.blogdotarugao.com.br\/v1\/wp-json\/wp\/v2\/categories?post=15081"},{"taxonomy":"post_tag","embeddable":true,"href":"https:\/\/www.blogdotarugao.com.br\/v1\/wp-json\/wp\/v2\/tags?post=15081"}],"curies":[{"name":"wp","href":"https:\/\/api.w.org\/{rel}","templated":true}]}}